{"id":6855,"date":"2022-03-02T13:16:25","date_gmt":"2022-03-02T13:16:25","guid":{"rendered":"http:\/\/www.radiolimari.cl\/?p=6855"},"modified":"2022-03-02T13:16:25","modified_gmt":"2022-03-02T13:16:25","slug":"personas-mayores-de-ovalle-participan-en-taller-de-tecnologia-digital","status":"publish","type":"post","link":"https:\/\/www.radiolimari.cl\/?p=6855","title":{"rendered":"Personas mayores de Ovalle participan en taller de tecnolog\u00eda digital"},"content":{"rendered":"<p><a href=\"https:\/\/www.radiolimari.cl\/wp-content\/uploads\/2022\/03\/2.3-alfabetizacion-digital-adultos-mayores-ovalle8.jpg\"><img fetchpriority=\"high\" decoding=\"async\" class=\"alignnone size-medium wp-image-6856\" src=\"https:\/\/www.radiolimari.cl\/wp-content\/uploads\/2022\/03\/2.3-alfabetizacion-digital-adultos-mayores-ovalle8-300x225.jpg\" alt=\"2.3 alfabetizacion-digital-adultos-mayores-ovalle8\" width=\"300\" height=\"225\" srcset=\"https:\/\/www.radiolimari.cl\/wp-content\/uploads\/2022\/03\/2.3-alfabetizacion-digital-adultos-mayores-ovalle8-300x225.jpg 300w, https:\/\/www.radiolimari.cl\/wp-content\/uploads\/2022\/03\/2.3-alfabetizacion-digital-adultos-mayores-ovalle8.jpg 800w\" sizes=\"(max-width: 300px) 100vw, 300px\" \/><\/a><\/p>\n<p><strong><em>De forma l\u00fadica y gracias a la gu\u00eda de estudiantes de educaci\u00f3n superior los miembros del club \u201cJacaranda\u201d aprendieron sobre el uso de diversas aplicaciones en su tel\u00e9fonos celulares. <\/em><\/strong><!--more--><\/p>\n<p>En dos sesiones realizadas de forma presencial, un grupo de personas mayores, integrantes del club de Adultos Mayores \u201cJacaranda\u201d de la comuna de Ovalle, fueron instruidas en el uso de la tecnolog\u00eda digital de sus aparatos telef\u00f3nicos. El taller fue impartido por estudiantes de las carreras T\u00e9cnico en Trabajo Social y Analista Programador del IP Santo Tom\u00e1s de la capital limarina.<\/p>\n<p>Una iniciativa en la que no s\u00f3lo se busca acercar a los adultos mayores a la tecnolog\u00eda, sino que tambi\u00e9n generar un v\u00ednculo intergeneracional, que permita el aprendizaje mutuo, entre los alumnos y los beneficiarios.<\/p>\n<p>As\u00ed lo manifest\u00f3 Jorge Ponce, director de las carreras del \u00e1rea inform\u00e1tica del establecimiento educacional, quien dijo que \u201cel objetivo de esta actividad era ense\u00f1arle a los adultos mayores algunas tecnolog\u00edas, que quiz\u00e1s para ellos son lejanas. Fue muy enriquecedora para los alumnos que fueron los relatores y para los adultos mayores que tambi\u00e9n aprendieron\u201d.<\/p>\n<p>Durante el taller los participantes aprendieron a usar el correo electr\u00f3nico, la aplicaci\u00f3n de mensajer\u00eda Whatsapp, una aplicaci\u00f3n del banco, un bingo virtual, adem\u00e1s de los mitos sobre los tel\u00e9fonos y los cuidados que se debe tener en el uso de esta tecnolog\u00eda.<\/p>\n<p><strong>Adultos mayores activos <\/strong><\/p>\n<p>Desde hace 17 a\u00f1os que el club \u201cJacaranda\u201d funciona en el centro de la ciudad de Ovalle, agrupando a adultos mayores de diversos sectores de la comuna, quienes han establecido lazos afectivos que los hacen considerar al club su segundo hogar.<\/p>\n<p>Por ello, siempre est\u00e1n dispuestos a participar de las m\u00faltiples actividades que organizan, desde la celebraci\u00f3n de cumplea\u00f1os hasta viajes, por lo que aceptaron sin dudar la invitaci\u00f3n al taller de alfabetizaci\u00f3n digital impartido por Santo Tom\u00e1s.<\/p>\n<p>Delicia Fern\u00e1ndez, la presidenta del club, coment\u00f3 en este sentido que \u201cnos pareci\u00f3 genial la idea, porque manejamos los tel\u00e9fonos pero no sabemos usarlos como corresponde. \u00a0Estas \u00a0clases fueron muy buenas, muy interactivas, de esa manera se entiende mejor que la teor\u00eda y todos entendimos y aprendimos algo. Nos vamos con otros conocimientos, ya sabemos los cuidados que debemos tener con los tel\u00e9fonos, los mitos que hay. Yo creo que nos vamos a desenvolver mejor \u00a0y vamos a poder dar consejos, incluso a las personas m\u00e1s j\u00f3venes, porque en realidad no todos saben lo que nosotros aprendimos\u201d.<\/p>\n<p><strong>Intercambio de conocimientos<\/strong><\/p>\n<p>Para los estudiantes que cumplieron con la funci\u00f3n de relatores en el taller, esta fue una experiencia muy gratificante, que les permiti\u00f3 involucrarse con los adultos mayores y conocer sus necesidades.<\/p>\n<p>Yasna Jofr\u00e9, estudiante de T\u00e9cnico en Trabajo Social, fue una de las relatoras, quien se anim\u00f3 en cumplir con este rol porque seg\u00fan dice, \u201cesta era una buena oportunidad para integrarnos con las personas mayores. Fue muy gratificante trabajar con ellos, porque tienen ganas de aprender. Entre una sesi\u00f3n y otra ellos se acordaban de lo que hab\u00edan aprendido y s\u00ed aplicaron cosas, se acordaban bien de la clase. Fue muy gratificante tener esa experiencia\u201d.<\/p>\n<p>En tanto, Ad\u00e1n Pizarro, alumno de Ingenier\u00eda en Inform\u00e1tica, dijo que \u201cm\u00e1s que una clase, esta fue una instancia para compartir experiencias\u201d y lograr que la \u201ctecnolog\u00eda fuera un apoyo y no una desventaja para los adultos mayores, que pudieran disfrutar de ella\u201d.<\/p>\n<p>Para otra de las relatoras, Yasm\u00edn Jofr\u00e9, \u201cparticipar en este taller ampl\u00eda la visi\u00f3n que uno tiene sobre el funcionamiento de la tecnolog\u00eda, porque son avances que facilitan muchas herramientas, el problema es cuando se presentan conflictos generacionales. Los adultos mayores tienen distintas maneras de aprender y la tecnolog\u00eda se les hace m\u00e1s dif\u00edcil, este fue un espacio perfecto, tambi\u00e9n para aprender de ellos\u201d, afirm\u00f3 la futura T\u00e9cnico en Trabajo Social.<\/p>\n<p>Por \u00faltimo, Jorge Ponce coment\u00f3 que en las sesiones se trabaj\u00f3 \u201cde forma entretenida, haciendo un bingo virtual, de esa forma ellos pueden darse cuenta que pueden utilizar las tecnolog\u00edas incluso para entretenerse, realizaron pausas activas junto a los alumnos y creo que el objetivo se cumpli\u00f3, quiz\u00e1s no van a utilizar la tecnolog\u00eda como nosotros la utilizamos, pero entendieron que existe esta tecnolog\u00eda y se les dieron consejos de c\u00f3mo utilizarla\u201d.<\/p>\n","protected":false},"excerpt":{"rendered":"<p>De forma l\u00fadica y gracias a la gu\u00eda de estudiantes de educaci\u00f3n superior los miembros del club \u201cJacaranda\u201d aprendieron sobre el uso de diversas aplicaciones en su tel\u00e9fonos celulares.<\/p>\n","protected":false},"author":2,"featured_media":6856,"comment_status":"open","ping_status":"open","sticky":false,"template":"","format":"standard","meta":{"footnotes":""},"categories":[5],"tags":[],"class_list":["post-6855","post","type-post","status-publish","format-standard","has-post-thumbnail","hentry","category-actualidad-limarina"],"_links":{"self":[{"href":"https:\/\/www.radiolimari.cl\/index.php?rest_route=\/wp\/v2\/posts\/6855","targetHints":{"allow":["GET"]}}],"collection":[{"href":"https:\/\/www.radiolimari.cl\/index.php?rest_route=\/wp\/v2\/posts"}],"about":[{"href":"https:\/\/www.radiolimari.cl\/index.php?rest_route=\/wp\/v2\/types\/post"}],"author":[{"embeddable":true,"href":"https:\/\/www.radiolimari.cl\/index.php?rest_route=\/wp\/v2\/users\/2"}],"replies":[{"embeddable":true,"href":"https:\/\/www.radiolimari.cl\/index.php?rest_route=%2Fwp%2Fv2%2Fcomments&post=6855"}],"version-history":[{"count":1,"href":"https:\/\/www.radiolimari.cl\/index.php?rest_route=\/wp\/v2\/posts\/6855\/revisions"}],"predecessor-version":[{"id":6857,"href":"https:\/\/www.radiolimari.cl\/index.php?rest_route=\/wp\/v2\/posts\/6855\/revisions\/6857"}],"wp:featuredmedia":[{"embeddable":true,"href":"https:\/\/www.radiolimari.cl\/index.php?rest_route=\/wp\/v2\/media\/6856"}],"wp:attachment":[{"href":"https:\/\/www.radiolimari.cl\/index.php?rest_route=%2Fwp%2Fv2%2Fmedia&parent=6855"}],"wp:term":[{"taxonomy":"category","embeddable":true,"href":"https:\/\/www.radiolimari.cl\/index.php?rest_route=%2Fwp%2Fv2%2Fcategories&post=6855"},{"taxonomy":"post_tag","embeddable":true,"href":"https:\/\/www.radiolimari.cl\/index.php?rest_route=%2Fwp%2Fv2%2Ftags&post=6855"}],"curies":[{"name":"wp","href":"https:\/\/api.w.org\/{rel}","templated":true}]}}