{"id":6831,"date":"2022-03-01T15:41:06","date_gmt":"2022-03-01T15:41:06","guid":{"rendered":"http:\/\/www.radiolimari.cl\/?p=6831"},"modified":"2022-03-01T15:41:06","modified_gmt":"2022-03-01T15:41:06","slug":"monte-patria-modo-verano-2022-finaliza-de-forma-exitosa-en-el-camping-municipal","status":"publish","type":"post","link":"https:\/\/www.radiolimari.cl\/?p=6831","title":{"rendered":"\u201cMonte Patria Modo Verano 2022\u201d finaliza de forma exitosa en el Camping Municipal"},"content":{"rendered":"<p><a href=\"https:\/\/www.radiolimari.cl\/wp-content\/uploads\/2022\/03\/1.3-monte-patria.jpg\"><img fetchpriority=\"high\" decoding=\"async\" class=\"alignnone size-medium wp-image-6832\" src=\"https:\/\/www.radiolimari.cl\/wp-content\/uploads\/2022\/03\/1.3-monte-patria-300x200.jpg\" alt=\"1.3 monte patria\" width=\"300\" height=\"200\" srcset=\"https:\/\/www.radiolimari.cl\/wp-content\/uploads\/2022\/03\/1.3-monte-patria-300x200.jpg 300w, https:\/\/www.radiolimari.cl\/wp-content\/uploads\/2022\/03\/1.3-monte-patria-1024x682.jpg 1024w\" sizes=\"(max-width: 300px) 100vw, 300px\" \/><\/a><\/p>\n<p><strong>Entretenidos fueron los panoramas que se realizaron en el recinto tur\u00edstico esta temporada estival. Actividades como el \u201cChapuz\u00f3n Comunitario\u201d o las clases de nataci\u00f3n atrajeron al p\u00fablico de todas las edades que pudieron disfrutar de la piscina municipal<\/strong><!--more--><\/p>\n<p>Finaliza el verano y con \u00e9llos panoramas organizados para esta temporada por el Municipio de Monte Patria. Dentro del calendario de actividades, una de las atracciones m\u00e1s disfrutadas por la comunidad fue la temporada de piscina del Camping Municipal que abri\u00f3 sus puertas durante los meses de enero y febrero.<\/p>\n<p>El recinto -que recibi\u00f3 de martes a domingo a ni\u00f1os, ni\u00f1as, j\u00f3venes, adultos y personas mayores- alcanz\u00f3 un total de 6.500 visitantes en el periodo estival, logrando as\u00ed una de las m\u00e1s altas afluencias en los \u00faltimos a\u00f1os. Este r\u00e9cord de visitas fue gracias al cumplimiento de todos los protocolos sanitarios de forma exhaustiva, evitando que se generara alg\u00fan brote en el lugar.<\/p>\n<p>Cristian Herrera, alcalde de Monte Patria, se refiri\u00f3 a la iniciativa realizada este verano en la comuna. \u201cNo nos falt\u00f3 quien nos cuestionara, al principio cuando decidimos abrir la piscina, pero finalmente el tiempo nos dio la raz\u00f3n, porque fue un verdadero \u00e9xito tener este espacio abierto, mas a\u00fan porque nuestros r\u00edos no traen agua y una manera para la comunidad de refrescarse fue, precisamente, en esta piscina. Adem\u00e1s, se calcul\u00f3 que 1.500 personas entraron de manera gratuita, a trav\u00e9s del programa social que realizamos junto a la Direcci\u00f3n de Desarrollo Comunitario (DIDECO) que se encarg\u00f3 de hacer nexos con las juntas de vecinos, las escuelas de verano, etc\u201d, se\u00f1al\u00f3.<\/p>\n<p>En esa misma l\u00ednea, el edil destac\u00f3 la labor del equipo t\u00e9cnico encargado de la mantenci\u00f3n de la piscina del Camping Municipal. \u201cQuiero reconocer el trabajo realizado por los equipos encargados de la mantenci\u00f3n de la piscina. Esta agua que ustedes pueden ver muy transparente es la misma agua que se llen\u00f3 el d\u00eda 15 de diciembre y la fueron manteniendo con el correr del tiempo\u201d, precis\u00f3.<\/p>\n<p>Una de las novedades que trajo la apertura del Camping Municipal este verano fue convocar a diversas comunidades para que visitaran el lugar, logrando as\u00ed que m\u00e1s de 23 juntas de vecinos de la comuna de Monte Patria tuvieran la oportunidad de reunirse el recinto de manera gratuita y con su respectivo transporte, esto como parte del programa \u201cChapuz\u00f3n comunitario\u201d creado por la Direcci\u00f3n de Desarrollo Comunitario (DIDECO). \u201cFue una actividad muy enriquecedora, muy entretenida que valoraron mucho las juntas de vecinos de todo el territorio comunal desde el R\u00edo Rapel, Tamelcura, El Palqui, Cha\u00f1aral Alto que vinieron con su comunidad a compartir toda una jornada. Muchos llegaban temprano, compat\u00edan y despu\u00e9s se tiraban a la piscina para darse un chapuz\u00f3n. Los ni\u00f1os, por otra parte, disfrutaron bastante de esta iniciativa del alcalde para que pudieran disfrutar gratuitamente de las dependencias del camping\u201d, indic\u00f3 Ver\u00f3nica Z\u00e1rate, Directora de Desarrollo Comunitario.<\/p>\n<p>Asimismo, el recinto tambi\u00e9n recibi\u00f3 a 30 ni\u00f1os y ni\u00f1as entre 6 y 12 a\u00f1os para participar del entretenido taller de nataci\u00f3n, que se realiz\u00f3 los martes y jueves entre las 11:00 y 13:00 horas de forma totalmente gratuita para los alumnos y que tuvo como finalidad que ellos pudieran tener las herramientas y conocimientos necesarios para enfrentarse a diversos escenarios durante sus vacaciones.<\/p>\n<p>Pero toda buena actividad tambi\u00e9n tiene su fin, y fue as\u00ed como el domingo 27 de febrero el municipio montepatrino cerr\u00f3 su extenso calendario de actividades de verano en el sector del camping con diversas actividades deportivas y recreativas que incluyeron emocionantes concursos, baile entretenido, m\u00fasica en vivo con Dj\u2019s, entre otras iniciativas que los participantes disfrutaron desde las 14.00 hasta las 19.00 horas.<\/p>\n<p>\u201cMe parece una muy buena iniciativa que abrieran el camping y que hicieran actividades concursos para la gente. Adem\u00e1s, hay que destacar la labor que realizan los salvavidas que est\u00e1n pendientes de nuestros ni\u00f1os mientras ellos nadan en la piscina\u201d, destac\u00f3 Mildred Bravo, vecina de Cerrillos de Rapel.<strong>\u00a0<\/strong><\/p>\n","protected":false},"excerpt":{"rendered":"<p>Entretenidos fueron los panoramas que se realizaron en el recinto tur\u00edstico esta temporada estival. Actividades como el \u201cChapuz\u00f3n Comunitario\u201d o las clases de nataci\u00f3n atrajeron al p\u00fablico de todas las edades que pudieron disfrutar de la piscina municipal<\/p>\n","protected":false},"author":2,"featured_media":6832,"comment_status":"open","ping_status":"open","sticky":false,"template":"","format":"standard","meta":{"footnotes":""},"categories":[5],"tags":[],"class_list":["post-6831","post","type-post","status-publish","format-standard","has-post-thumbnail","hentry","category-actualidad-limarina"],"_links":{"self":[{"href":"https:\/\/www.radiolimari.cl\/index.php?rest_route=\/wp\/v2\/posts\/6831","targetHints":{"allow":["GET"]}}],"collection":[{"href":"https:\/\/www.radiolimari.cl\/index.php?rest_route=\/wp\/v2\/posts"}],"about":[{"href":"https:\/\/www.radiolimari.cl\/index.php?rest_route=\/wp\/v2\/types\/post"}],"author":[{"embeddable":true,"href":"https:\/\/www.radiolimari.cl\/index.php?rest_route=\/wp\/v2\/users\/2"}],"replies":[{"embeddable":true,"href":"https:\/\/www.radiolimari.cl\/index.php?rest_route=%2Fwp%2Fv2%2Fcomments&post=6831"}],"version-history":[{"count":1,"href":"https:\/\/www.radiolimari.cl\/index.php?rest_route=\/wp\/v2\/posts\/6831\/revisions"}],"predecessor-version":[{"id":6833,"href":"https:\/\/www.radiolimari.cl\/index.php?rest_route=\/wp\/v2\/posts\/6831\/revisions\/6833"}],"wp:featuredmedia":[{"embeddable":true,"href":"https:\/\/www.radiolimari.cl\/index.php?rest_route=\/wp\/v2\/media\/6832"}],"wp:attachment":[{"href":"https:\/\/www.radiolimari.cl\/index.php?rest_route=%2Fwp%2Fv2%2Fmedia&parent=6831"}],"wp:term":[{"taxonomy":"category","embeddable":true,"href":"https:\/\/www.radiolimari.cl\/index.php?rest_route=%2Fwp%2Fv2%2Fcategories&post=6831"},{"taxonomy":"post_tag","embeddable":true,"href":"https:\/\/www.radiolimari.cl\/index.php?rest_route=%2Fwp%2Fv2%2Ftags&post=6831"}],"curies":[{"name":"wp","href":"https:\/\/api.w.org\/{rel}","templated":true}]}}