{"id":6828,"date":"2022-03-01T14:58:09","date_gmt":"2022-03-01T14:58:09","guid":{"rendered":"http:\/\/www.radiolimari.cl\/?p=6828"},"modified":"2022-03-01T14:58:09","modified_gmt":"2022-03-01T14:58:09","slug":"prestan-juramento-abogados-integrantes-de-la-corte-de-apelaciones-de-la-serena-para-el-ano-judicial-2022","status":"publish","type":"post","link":"https:\/\/www.radiolimari.cl\/?p=6828","title":{"rendered":"Prestan juramento abogados Integrantes de la Corte de Apelaciones de La Serena para el a\u00f1o judicial 2022"},"content":{"rendered":"<p><a href=\"https:\/\/www.radiolimari.cl\/wp-content\/uploads\/2022\/03\/1.3-juramento-corte.png\"><img decoding=\"async\" class=\"alignnone size-medium wp-image-6829\" src=\"https:\/\/www.radiolimari.cl\/wp-content\/uploads\/2022\/03\/1.3-juramento-corte-300x145.png\" alt=\"1.3 juramento corte\" width=\"300\" height=\"145\" srcset=\"https:\/\/www.radiolimari.cl\/wp-content\/uploads\/2022\/03\/1.3-juramento-corte-300x145.png 300w, https:\/\/www.radiolimari.cl\/wp-content\/uploads\/2022\/03\/1.3-juramento-corte-1024x498.png 1024w, https:\/\/www.radiolimari.cl\/wp-content\/uploads\/2022\/03\/1.3-juramento-corte.png 1908w\" sizes=\"(max-width: 300px) 100vw, 300px\" \/><\/a><\/p>\n<p>En una ceremonia realizada v\u00eda Zoom, los abogados integrantes prestaron juramento ante la presidenta (s) de la Corte de Apelaciones, Marta Maldonado Navarro, quien destac\u00f3 la labor que deben desarrollar los profesionales.<!--more--><\/p>\n<p>Con el juramento de cinco nuevos abogados integrantes, la Corte de Apelaciones de La Serena dio inicio al a\u00f1o judicial 2022, periodo en el cual ejercer\u00e1 la presidencia del tribunal de alzada el ministro Sergio Troncoso Espinoza.<\/p>\n<p>En una ceremonia realizada v\u00eda Zoom, los abogados integrantes prestaron juramento ante la presidenta (s) de la Corte de Apelaciones, Marta Maldonado Navarro, quien destac\u00f3 la labor que deben desarrollar los profesionales.<\/p>\n<p>\u201cHoy, en este juramento, nos encontramos ante tres mujeres y dos hombres, abogadas y abogados\u00a0destacados en el \u00e1mbito acad\u00e9mico y\/o profesional; confiamos en que su nombramiento ser\u00e1 un aporte a la deliberaci\u00f3n judicial de nuestra jurisdicci\u00f3n aportando una mirada fresca y especializada que enriquecer\u00e1 la deliberaci\u00f3n jur\u00eddica\u201d, sostuvo la ministra Maldonado Navarro.<\/p>\n<p>Para el a\u00f1o judicial 2022 los abogados integrantes son Fernando Roco Pinto, Elvira Badilla Poblete, Enrique Labarca Cort\u00e9s, Ximena Dorich Rojas y Carolina Salas Salazar, quienes deber\u00e1n integrar las salas de la Corte de Apelaciones de La Serena, cuando por ausencia o inhabilidad deban reemplazar a alguno ministros para el conocimiento y resoluci\u00f3n de los procesos sometidos al tribunal de alzada<\/p>\n","protected":false},"excerpt":{"rendered":"<p>En una ceremonia realizada v\u00eda Zoom, los abogados integrantes prestaron juramento ante la presidenta (s) de la Corte de Apelaciones, Marta Maldonado Navarro, quien destac\u00f3 la labor que deben desarrollar los profesionales.<\/p>\n","protected":false},"author":2,"featured_media":6829,"comment_status":"open","ping_status":"open","sticky":false,"template":"","format":"standard","meta":{"footnotes":""},"categories":[3],"tags":[],"class_list":["post-6828","post","type-post","status-publish","format-standard","has-post-thumbnail","hentry","category-actualidad"],"_links":{"self":[{"href":"https:\/\/www.radiolimari.cl\/index.php?rest_route=\/wp\/v2\/posts\/6828","targetHints":{"allow":["GET"]}}],"collection":[{"href":"https:\/\/www.radiolimari.cl\/index.php?rest_route=\/wp\/v2\/posts"}],"about":[{"href":"https:\/\/www.radiolimari.cl\/index.php?rest_route=\/wp\/v2\/types\/post"}],"author":[{"embeddable":true,"href":"https:\/\/www.radiolimari.cl\/index.php?rest_route=\/wp\/v2\/users\/2"}],"replies":[{"embeddable":true,"href":"https:\/\/www.radiolimari.cl\/index.php?rest_route=%2Fwp%2Fv2%2Fcomments&post=6828"}],"version-history":[{"count":1,"href":"https:\/\/www.radiolimari.cl\/index.php?rest_route=\/wp\/v2\/posts\/6828\/revisions"}],"predecessor-version":[{"id":6830,"href":"https:\/\/www.radiolimari.cl\/index.php?rest_route=\/wp\/v2\/posts\/6828\/revisions\/6830"}],"wp:featuredmedia":[{"embeddable":true,"href":"https:\/\/www.radiolimari.cl\/index.php?rest_route=\/wp\/v2\/media\/6829"}],"wp:attachment":[{"href":"https:\/\/www.radiolimari.cl\/index.php?rest_route=%2Fwp%2Fv2%2Fmedia&parent=6828"}],"wp:term":[{"taxonomy":"category","embeddable":true,"href":"https:\/\/www.radiolimari.cl\/index.php?rest_route=%2Fwp%2Fv2%2Fcategories&post=6828"},{"taxonomy":"post_tag","embeddable":true,"href":"https:\/\/www.radiolimari.cl\/index.php?rest_route=%2Fwp%2Fv2%2Ftags&post=6828"}],"curies":[{"name":"wp","href":"https:\/\/api.w.org\/{rel}","templated":true}]}}