{"id":6825,"date":"2022-03-01T14:48:09","date_gmt":"2022-03-01T14:48:09","guid":{"rendered":"http:\/\/www.radiolimari.cl\/?p=6825"},"modified":"2022-03-01T14:48:09","modified_gmt":"2022-03-01T14:48:09","slug":"expresidenta-de-la-corte-de-apelaciones-de-la-serena-entrega-cuenta-publica","status":"publish","type":"post","link":"https:\/\/www.radiolimari.cl\/?p=6825","title":{"rendered":"EXPRESIDENTA DE LA CORTE DE APELACIONES DE LA SERENA ENTREGA CUENTA P\u00daBLICA"},"content":{"rendered":"<p><a href=\"https:\/\/www.radiolimari.cl\/wp-content\/uploads\/2022\/03\/1.3-ministra1-corte-apelaciones.jpg\"><img fetchpriority=\"high\" decoding=\"async\" class=\"alignnone size-medium wp-image-6826\" src=\"https:\/\/www.radiolimari.cl\/wp-content\/uploads\/2022\/03\/1.3-ministra1-corte-apelaciones-300x200.jpg\" alt=\"1.3 ministra1 corte apelaciones\" width=\"300\" height=\"200\" srcset=\"https:\/\/www.radiolimari.cl\/wp-content\/uploads\/2022\/03\/1.3-ministra1-corte-apelaciones-300x200.jpg 300w, https:\/\/www.radiolimari.cl\/wp-content\/uploads\/2022\/03\/1.3-ministra1-corte-apelaciones-1024x682.jpg 1024w\" sizes=\"(max-width: 300px) 100vw, 300px\" \/><\/a><\/p>\n<p>La ministra y presidenta de la Corte de Apelaciones de La Serena durante el a\u00f1o judicial 2021, Caroline Turner Gonz\u00e1lez, entreg\u00f3 la cuenta p\u00fablica de su gesti\u00f3n a trav\u00e9s de\u00a0 un documento y un video.<!--more--><\/p>\n<p>\u201cEl desaf\u00edo de encabezar una Corte no fue menor, considerando adem\u00e1s el contexto de pandemia en la que nos encontramos, que nos ha obligado a enfrentar la tarea del teletrabajo y las relaciones laborales a trav\u00e9s de una pantalla. En ese sentido, agradezco ser parte de una instituci\u00f3n donde cada uno de sus integrantes ha demostrado el compromiso con la labor que desarrolla, no sin contratiempos, desde la intimidad de sus hogares, sorteando la brecha tecnol\u00f3gica y la constante incertidumbre que nos genera esta indeseada pandemia\u201d indic\u00f3.<\/p>\n<p>\u201cDurante estos doce meses \u2013agreg\u00f3- mi sello en la presidencia de esta Corte fue\u00a0 acercar nuestra labor a funcionarios y usuarios\u201d.<\/p>\n<p>Para este nuevo a\u00f1o judicial 2022, asume la presidencia el ministro Sergio Troncoso Espinoza, a quien la ministra Turner dese\u00f3 el mayor de los \u00e9xitos.<\/p>\n<p>\u201cEs una tarea compleja, pero gratificante, como funcionarios judiciales y sin duda como personas, existe siempre el anhelo de avanzar a una mejor sociedad\u201d, concluy\u00f3.<\/p>\n","protected":false},"excerpt":{"rendered":"<p>La ministra y presidenta de la Corte de Apelaciones de La Serena durante el a\u00f1o judicial 2021, Caroline Turner Gonz\u00e1lez, entreg\u00f3 la cuenta p\u00fablica de su gesti\u00f3n a trav\u00e9s de\u00a0 un documento y un video.<\/p>\n","protected":false},"author":2,"featured_media":6826,"comment_status":"open","ping_status":"open","sticky":false,"template":"","format":"standard","meta":{"footnotes":""},"categories":[3],"tags":[],"class_list":["post-6825","post","type-post","status-publish","format-standard","has-post-thumbnail","hentry","category-actualidad"],"_links":{"self":[{"href":"https:\/\/www.radiolimari.cl\/index.php?rest_route=\/wp\/v2\/posts\/6825","targetHints":{"allow":["GET"]}}],"collection":[{"href":"https:\/\/www.radiolimari.cl\/index.php?rest_route=\/wp\/v2\/posts"}],"about":[{"href":"https:\/\/www.radiolimari.cl\/index.php?rest_route=\/wp\/v2\/types\/post"}],"author":[{"embeddable":true,"href":"https:\/\/www.radiolimari.cl\/index.php?rest_route=\/wp\/v2\/users\/2"}],"replies":[{"embeddable":true,"href":"https:\/\/www.radiolimari.cl\/index.php?rest_route=%2Fwp%2Fv2%2Fcomments&post=6825"}],"version-history":[{"count":1,"href":"https:\/\/www.radiolimari.cl\/index.php?rest_route=\/wp\/v2\/posts\/6825\/revisions"}],"predecessor-version":[{"id":6827,"href":"https:\/\/www.radiolimari.cl\/index.php?rest_route=\/wp\/v2\/posts\/6825\/revisions\/6827"}],"wp:featuredmedia":[{"embeddable":true,"href":"https:\/\/www.radiolimari.cl\/index.php?rest_route=\/wp\/v2\/media\/6826"}],"wp:attachment":[{"href":"https:\/\/www.radiolimari.cl\/index.php?rest_route=%2Fwp%2Fv2%2Fmedia&parent=6825"}],"wp:term":[{"taxonomy":"category","embeddable":true,"href":"https:\/\/www.radiolimari.cl\/index.php?rest_route=%2Fwp%2Fv2%2Fcategories&post=6825"},{"taxonomy":"post_tag","embeddable":true,"href":"https:\/\/www.radiolimari.cl\/index.php?rest_route=%2Fwp%2Fv2%2Ftags&post=6825"}],"curies":[{"name":"wp","href":"https:\/\/api.w.org\/{rel}","templated":true}]}}