{"id":6822,"date":"2022-02-28T19:53:47","date_gmt":"2022-02-28T19:53:47","guid":{"rendered":"http:\/\/www.radiolimari.cl\/?p=6822"},"modified":"2022-02-28T19:53:47","modified_gmt":"2022-02-28T19:53:47","slug":"tasa-de-desocupacion-regional-se-situa-en-89-y-ocupacion-femenina-registra-significativo-repunte","status":"publish","type":"post","link":"https:\/\/www.radiolimari.cl\/?p=6822","title":{"rendered":"Tasa de Desocupaci\u00f3n regional se sit\u00faa en 8,9% y ocupaci\u00f3n femenina registra significativo repunte"},"content":{"rendered":"<p><a href=\"https:\/\/www.radiolimari.cl\/wp-content\/uploads\/2022\/02\/28.2-Empleo.jpeg\"><img fetchpriority=\"high\" decoding=\"async\" class=\"alignnone size-medium wp-image-6823\" src=\"https:\/\/www.radiolimari.cl\/wp-content\/uploads\/2022\/02\/28.2-Empleo-300x182.jpeg\" alt=\"28.2 Empleo\" width=\"300\" height=\"182\" srcset=\"https:\/\/www.radiolimari.cl\/wp-content\/uploads\/2022\/02\/28.2-Empleo-300x182.jpeg 300w, https:\/\/www.radiolimari.cl\/wp-content\/uploads\/2022\/02\/28.2-Empleo.jpeg 1024w\" sizes=\"(max-width: 300px) 100vw, 300px\" \/><\/a><\/p>\n<p><strong><em>Miner\u00eda, Construcci\u00f3n y Comercio son las actividades econ\u00f3micas que m\u00e1s inciden en el repute del empleo regional<\/em><\/strong><!--more--><\/p>\n<p>Una disminuci\u00f3n de 3,3 puntos porcentuales (pp) en doce meses registr\u00f3 la tasa de desocupaci\u00f3n regional situ\u00e1ndose en un 8,9% en el trimestre noviembre 2021- enero 2022.<\/p>\n<p>Seg\u00fan el informe emitido por el Instituto Nacional de Estad\u00edsticas (INE) el descenso en la tasa de desocupaci\u00f3n se debe a que el alza de los ocupados fue mayor al incremento de la fuerza de trabajo.<\/p>\n<p>El n\u00famero de ocupados registr\u00f3 el noveno aumento consecutivo, recuperando 13.740 puestos de trabajos en un a\u00f1o. Mientras que los desocupados descendieron un 26,9, siendo \u00e9ste el und\u00e9cimo descenso consecutivo.<\/p>\n<p>El Delegado Presidencial Regional, Ignacio Pinto, destac\u00f3 el descenso en la tasa de desocupaci\u00f3n y expres\u00f3 que \u201cson buenas noticias porque se van reflejando los efectos de las acciones que hemos impulsado para promover inversiones y proyectos que han permitido generar m\u00e1s fuentes de trabajo, adem\u00e1s de las medidas de protecci\u00f3n del trabajo como son es el IFE Laboral el que ha influido positivamente en la creaci\u00f3n de m\u00e1s empleos formales, y las medidas sanitarias, que han contribuido a un mejor control de la pandemia y est\u00e1n dando resultados que son muy positivos para el pa\u00eds y la regi\u00f3n\u201d.<\/p>\n<p>En el an\u00e1lisis por g\u00e9nero la tasa de desocupaci\u00f3n de las mujeres en la regi\u00f3n de Coquimbo alcanz\u00f3 un 8,3%, disminuyendo 6,9 pp. en doce meses. Mientras que la tasa de desocupaci\u00f3n de los hombres se situ\u00f3 en 9,3%, registrando una disminuci\u00f3n de 0,9 pp. en un a\u00f1o.<\/p>\n<p>Al respecto el Seremi del Trabajo Mat\u00edas Villalobos coment\u00f3 las cifras entregadas por el INE y destac\u00f3 el aumento del empleo femenino y dijo que \u201ces muy importante ver lo que ocurre con el desempleo en las mujeres donde sigue disminuyendo. Esta tasa, de 8,3% de desempleo en las mujeres, es la m\u00e1s baja desde el trimestre octubre-diciembre del 2019, y esperamos que en los pr\u00f3ximos meses pueda seguir disminuyendo\u201d.<\/p>\n<p>Las principales actividades econ\u00f3micas que aportaron a la recuperaci\u00f3n de los empleos en el periodo de medici\u00f3n fueron Miner\u00eda, Construcci\u00f3n y Comercio.<\/p>\n<p>El sector minero se consolid\u00f3 como la actividad que m\u00e1s empleos est\u00e1 generando en la regi\u00f3n con un aumento anual de un 30.3% reflejado en 3.380 puestos de trabajo.<\/p>\n<p>Por su parte Construcci\u00f3n registr\u00f3 un aumento de un 27,7% y Comercio un incremento de 4,8% con 3.350 nuevos empleos en el sector.<\/p>\n<p>En este sentido el seremi Mat\u00edas Villalobos destac\u00f3 la efectividad y la cobertura del IFE Laboral que ha permitido la recuperaci\u00f3n de los empleos en la regi\u00f3n de Coquimbo y coment\u00f3 que \u201cen los \u00faltimos 12 meses se recuperaron 13.740 puestos de trabajos, donde mayoritariamente estos empleos corresponden a asalariados del sector privado, esto refleja que herramientas como el IFE Laboral, que en la regi\u00f3n ha beneficiado a m\u00e1s de 27 mil trabajadores y trabajadoras, y por lo mismo el presidente Sebasti\u00e1n Pi\u00f1era dispuso su prolongaci\u00f3n hasta el mes de junio del presente a\u00f1o por lo que esperamos que en los pr\u00f3ximos meses esta tasa de desocupaci\u00f3n siga disminuyendo\u201d.<\/p>\n","protected":false},"excerpt":{"rendered":"<p>Miner\u00eda, Construcci\u00f3n y Comercio son las actividades econ\u00f3micas que m\u00e1s inciden en el repute del empleo regional<\/p>\n","protected":false},"author":2,"featured_media":6823,"comment_status":"open","ping_status":"open","sticky":false,"template":"","format":"standard","meta":{"footnotes":""},"categories":[6],"tags":[],"class_list":["post-6822","post","type-post","status-publish","format-standard","has-post-thumbnail","hentry","category-regionales"],"_links":{"self":[{"href":"https:\/\/www.radiolimari.cl\/index.php?rest_route=\/wp\/v2\/posts\/6822","targetHints":{"allow":["GET"]}}],"collection":[{"href":"https:\/\/www.radiolimari.cl\/index.php?rest_route=\/wp\/v2\/posts"}],"about":[{"href":"https:\/\/www.radiolimari.cl\/index.php?rest_route=\/wp\/v2\/types\/post"}],"author":[{"embeddable":true,"href":"https:\/\/www.radiolimari.cl\/index.php?rest_route=\/wp\/v2\/users\/2"}],"replies":[{"embeddable":true,"href":"https:\/\/www.radiolimari.cl\/index.php?rest_route=%2Fwp%2Fv2%2Fcomments&post=6822"}],"version-history":[{"count":1,"href":"https:\/\/www.radiolimari.cl\/index.php?rest_route=\/wp\/v2\/posts\/6822\/revisions"}],"predecessor-version":[{"id":6824,"href":"https:\/\/www.radiolimari.cl\/index.php?rest_route=\/wp\/v2\/posts\/6822\/revisions\/6824"}],"wp:featuredmedia":[{"embeddable":true,"href":"https:\/\/www.radiolimari.cl\/index.php?rest_route=\/wp\/v2\/media\/6823"}],"wp:attachment":[{"href":"https:\/\/www.radiolimari.cl\/index.php?rest_route=%2Fwp%2Fv2%2Fmedia&parent=6822"}],"wp:term":[{"taxonomy":"category","embeddable":true,"href":"https:\/\/www.radiolimari.cl\/index.php?rest_route=%2Fwp%2Fv2%2Fcategories&post=6822"},{"taxonomy":"post_tag","embeddable":true,"href":"https:\/\/www.radiolimari.cl\/index.php?rest_route=%2Fwp%2Fv2%2Ftags&post=6822"}],"curies":[{"name":"wp","href":"https:\/\/api.w.org\/{rel}","templated":true}]}}