{"id":6814,"date":"2022-02-28T19:36:57","date_gmt":"2022-02-28T19:36:57","guid":{"rendered":"http:\/\/www.radiolimari.cl\/?p=6814"},"modified":"2022-02-28T19:38:17","modified_gmt":"2022-02-28T19:38:17","slug":"nuevo-informe-sobre-cambio-climatico-pone-el-foco-en-los-impactos-en-las-personas-y-naturaleza","status":"publish","type":"post","link":"https:\/\/www.radiolimari.cl\/?p=6814","title":{"rendered":"Nuevo informe sobre cambio clim\u00e1tico pone el foco en los impactos en las personas y naturaleza"},"content":{"rendered":"<p><a href=\"https:\/\/www.radiolimari.cl\/wp-content\/uploads\/2022\/02\/28.2-Tapado_Dez11-20111127-JA-0088-580x384.jpg\"><img fetchpriority=\"high\" decoding=\"async\" class=\"alignnone size-medium wp-image-6815\" src=\"https:\/\/www.radiolimari.cl\/wp-content\/uploads\/2022\/02\/28.2-Tapado_Dez11-20111127-JA-0088-580x384-300x198.jpg\" alt=\"28.2 Tapado_Dez11-20111127-JA-0088-580x384\" width=\"300\" height=\"198\" srcset=\"https:\/\/www.radiolimari.cl\/wp-content\/uploads\/2022\/02\/28.2-Tapado_Dez11-20111127-JA-0088-580x384-300x198.jpg 300w, https:\/\/www.radiolimari.cl\/wp-content\/uploads\/2022\/02\/28.2-Tapado_Dez11-20111127-JA-0088-580x384.jpg 580w\" sizes=\"(max-width: 300px) 100vw, 300px\" \/><\/a><\/p>\n<p><strong style=\"font-weight: bold; color: #000000;\">El nuevo reporte del IPCC, enfatiza los impactos que experimentan los seres humanos y los ecosistemas ante el cambio clim\u00e1tico, enfatizando la necesidad de acciones r\u00e1pidas e inminentes<\/strong><!--more--><\/p>\n<p style=\"font-weight: 600; color: #000000;\">M\u00e1s de 270 cient\u00edficos de cerca de 60 pa\u00edses han trabajado en los \u00faltimos 4 a\u00f1os para reunir la m\u00e1s completa evidencia que permite decir que toda la vida en la Tierra, desde los ecosistemas hasta la civilizaci\u00f3n humana, es vulnerable ante el cambio clim\u00e1tico. Se trata del Sexto Informe de Evaluaci\u00f3n de Cambio Clim\u00e1tico en Impactos, Adaptaci\u00f3n y Vulnerabilidad del Grupo de Trabajo II del Panel Intergubernamental de Cambio Clim\u00e1tico (IPCC), reporte que entrega contundente informaci\u00f3n que se espera, sea el motor de acciones por parte de la clase pol\u00edtica, empresas y ciudadan\u00eda.<\/p>\n<p style=\"font-weight: 600; color: #000000;\">\u201cEl reporte enfatiza las conexiones entre la naturaleza y las comunidades humanas, y se focaliza de manera importante en el rol de las ciudades. El reporte aborda los impactos, adaptaci\u00f3n y vulnerabilidad de diferentes regiones e integra toda la informaci\u00f3n en un Atlas global y regional\u201d, destaca la Dra. Laura Ramajo, autora l\u00edder del IPCC e investigadora del Centro Cient\u00edfico CEAZA.<\/p>\n<p style=\"font-weight: 600; color: #000000;\">\u201cEl reporte es un llamado de alerta sobre las consecuencias de la falta de acciones y enfatiza la urgencia inmediata y acciones m\u00e1s ambiciosas para afrontar los efectos del cambio clim\u00e1tico\u201d, agrega.<\/p>\n<figure id=\"attachment_13573\" class=\"wp-caption alignleft\" style=\"font-weight: 600; color: #000000;\"><a style=\"font-weight: normal; color: #c5d000;\" href=\"http:\/\/www.ceaza.cl\/wp-content\/uploads\/2022\/02\/DSCF2072-1.jpg\"><img decoding=\"async\" class=\"wp-image-13573\" style=\"color: transparent;\" src=\"http:\/\/www.ceaza.cl\/wp-content\/uploads\/2022\/02\/DSCF2072-1.jpg\" alt=\"\" width=\"368\" height=\"270\" \/><\/a><figcaption class=\"wp-caption-text\">Dra. Laura Ramajo, autora l\u00edder del IPCC e investigadora del Centro Cient\u00edfico CEAZA.<\/figcaption><\/figure>\n<p style=\"font-weight: 600; color: #000000;\">\n<p style=\"font-weight: 600; color: #000000;\">\n<p style=\"font-weight: 600; color: #000000;\">\n<p style=\"font-weight: 600; color: #000000;\">\n<p style=\"font-weight: 600; color: #000000;\">\n<p style=\"font-weight: 600; color: #000000;\">\n<p style=\"font-weight: 600; color: #000000;\">\n<p style=\"font-weight: 600; color: #000000;\">\n<p style=\"font-weight: 600; color: #000000;\">\n<p style=\"font-weight: 600; color: #000000;\">\n<p style=\"font-weight: 600; color: #000000;\">\n<p style=\"font-weight: 600; color: #000000;\"><strong style=\"font-weight: bold;\">Migraciones y cambios de distribuci\u00f3n<\/strong><\/p>\n<p style=\"font-weight: 600; color: #000000;\">De acuerdo al Reporte, el cambio clim\u00e1tico ha provocado migraciones de poblaciones de plantas y animales en b\u00fasqueda de condiciones clim\u00e1ticas m\u00e1s benignas que posibiliten la supervivencia. De hecho, el cambio clim\u00e1tico ya ha causado una migraci\u00f3n latitudinal y hacia cotas m\u00e1s altas de m\u00e1s de 4000 especies de plantas y animales que en esta situaci\u00f3n, compiten por h\u00e1bitats y recursos.<\/p>\n<p style=\"font-weight: 600; color: #000000;\">\u201cEl cambio clim\u00e1tico ha causado sequ\u00edas que han inducido la p\u00e9rdida del del 20% de los \u00e1rboles en tres regiones en \u00c1frica y Am\u00e9rica del Norte entre 1945 y 2007\u201d, precisa la Dra. Laura Ramajo, autora l\u00edder del IPCC e investigadora del Centro Cient\u00edfico CEAZA.<\/p>\n<p style=\"font-weight: 600; color: #000000;\">El Sexto Informe del IPCC, realiza una evaluaci\u00f3n a nivel de sectores (oc\u00e9anos, ecosistemas terrestres, ciudades, entre otros), y de regiones del planeta (Europa, Am\u00e9rica del Norte, Am\u00e9rica Central y del Sur, Asia, Ocean\u00eda, \u00c1frica, estados insulares), teniendo un especial foco en las ciudades debido a que se espera que dos tercios de la poblaci\u00f3n mundial viva en sistemas urbanos y ciudades para el 2050.<\/p>\n<p style=\"font-weight: 600; color: #000000;\">Seg\u00fan la Dra. Ramajo, en las zonas analizadas \u201cel aumento de las olas de calor, sequ\u00edas, inundaciones ya est\u00e1n excediendo los niveles de tolerancia de plantas y animales, y muertes masivas de \u00e1rboles y corales est\u00e1n ocurriendo. Estos eventos extremos est\u00e1n ocurriendo de manera simult\u00e1nea generando efectos en cascada que son cada vez m\u00e1s dif\u00edciles de manejar exponiendo a millones de personas a la inseguridad alimentaria e h\u00eddrica, especialmente en \u00c1frica, Asia, Am\u00e9rica Central y del Sur, estados insulares y el \u00c1rtico\u201d.<\/p>\n<p style=\"font-weight: 600; color: #000000;\"><strong style=\"font-weight: bold;\">Llamado urgente<\/strong><\/p>\n<p style=\"font-weight: 600; color: #000000;\">En comparaci\u00f3n con los reportes anteriores, este Informe integra de manera m\u00e1s intensiva el conocimiento sobre las ciencias naturales, ecol\u00f3gicas, sociales y econ\u00f3micas, as\u00ed como el conocimiento Ind\u00edgena y local, esto debido a que una mirada m\u00e1s integral permite analizar y dar a conocer los riesgos y amenazas que experimenta la especie humana.<\/p>\n<p style=\"font-weight: 600; color: #000000;\">\u201cLa evidencia determina que la cooperaci\u00f3n entre los gobiernos, las comunidades, la sociedad civil, los organismos, instituciones cient\u00edficas, medios de comunicaci\u00f3n, inversores y empresas, pero adem\u00e1s donde se incorpore a grupos tradicionalmente marginados, incluidas mujeres, j\u00f3venes, pueblos ind\u00edgenas, comunidades locales, y minor\u00edas \u00e9tnicas resulta clave para conseguir este objetivo\u201d, se\u00f1ala la Dra. Ramajo.<\/p>\n","protected":false},"excerpt":{"rendered":"<p>El nuevo reporte del IPCC, enfatiza los impactos que experimentan los seres humanos y los ecosistemas ante el cambio clim\u00e1tico, enfatizando la necesidad de acciones r\u00e1pidas e inminentes<\/p>\n","protected":false},"author":2,"featured_media":6815,"comment_status":"open","ping_status":"open","sticky":false,"template":"","format":"standard","meta":{"footnotes":""},"categories":[6],"tags":[],"class_list":["post-6814","post","type-post","status-publish","format-standard","has-post-thumbnail","hentry","category-regionales"],"_links":{"self":[{"href":"https:\/\/www.radiolimari.cl\/index.php?rest_route=\/wp\/v2\/posts\/6814","targetHints":{"allow":["GET"]}}],"collection":[{"href":"https:\/\/www.radiolimari.cl\/index.php?rest_route=\/wp\/v2\/posts"}],"about":[{"href":"https:\/\/www.radiolimari.cl\/index.php?rest_route=\/wp\/v2\/types\/post"}],"author":[{"embeddable":true,"href":"https:\/\/www.radiolimari.cl\/index.php?rest_route=\/wp\/v2\/users\/2"}],"replies":[{"embeddable":true,"href":"https:\/\/www.radiolimari.cl\/index.php?rest_route=%2Fwp%2Fv2%2Fcomments&post=6814"}],"version-history":[{"count":3,"href":"https:\/\/www.radiolimari.cl\/index.php?rest_route=\/wp\/v2\/posts\/6814\/revisions"}],"predecessor-version":[{"id":6818,"href":"https:\/\/www.radiolimari.cl\/index.php?rest_route=\/wp\/v2\/posts\/6814\/revisions\/6818"}],"wp:featuredmedia":[{"embeddable":true,"href":"https:\/\/www.radiolimari.cl\/index.php?rest_route=\/wp\/v2\/media\/6815"}],"wp:attachment":[{"href":"https:\/\/www.radiolimari.cl\/index.php?rest_route=%2Fwp%2Fv2%2Fmedia&parent=6814"}],"wp:term":[{"taxonomy":"category","embeddable":true,"href":"https:\/\/www.radiolimari.cl\/index.php?rest_route=%2Fwp%2Fv2%2Fcategories&post=6814"},{"taxonomy":"post_tag","embeddable":true,"href":"https:\/\/www.radiolimari.cl\/index.php?rest_route=%2Fwp%2Fv2%2Ftags&post=6814"}],"curies":[{"name":"wp","href":"https:\/\/api.w.org\/{rel}","templated":true}]}}