{"id":6810,"date":"2022-02-28T19:27:33","date_gmt":"2022-02-28T19:27:33","guid":{"rendered":"http:\/\/www.radiolimari.cl\/?p=6810"},"modified":"2022-02-28T19:27:33","modified_gmt":"2022-02-28T19:27:33","slug":"municipio-de-ovalle-informa-sobre-retorno-presencial-a-clases","status":"publish","type":"post","link":"https:\/\/www.radiolimari.cl\/?p=6810","title":{"rendered":"Municipio de Ovalle informa sobre retorno presencial a clases"},"content":{"rendered":"<p><a href=\"https:\/\/www.radiolimari.cl\/wp-content\/uploads\/2022\/02\/28.2-Retorno-a-clases-en-Ovalle-2022-3.jpeg\"><img fetchpriority=\"high\" decoding=\"async\" class=\"alignnone size-medium wp-image-6812\" src=\"https:\/\/www.radiolimari.cl\/wp-content\/uploads\/2022\/02\/28.2-Retorno-a-clases-en-Ovalle-2022-3-300x267.jpeg\" alt=\"28.2 Retorno a clases en Ovalle 2022 (3)\" width=\"300\" height=\"267\" srcset=\"https:\/\/www.radiolimari.cl\/wp-content\/uploads\/2022\/02\/28.2-Retorno-a-clases-en-Ovalle-2022-3-300x267.jpeg 300w, https:\/\/www.radiolimari.cl\/wp-content\/uploads\/2022\/02\/28.2-Retorno-a-clases-en-Ovalle-2022-3-1024x912.jpeg 1024w, https:\/\/www.radiolimari.cl\/wp-content\/uploads\/2022\/02\/28.2-Retorno-a-clases-en-Ovalle-2022-3.jpeg 1227w\" sizes=\"(max-width: 300px) 100vw, 300px\" \/><\/a><\/p>\n<p><strong><em>Todos los jardines, escuelas, colegios y liceos administrados por el Departamento de Educaci\u00f3n Municipal, cumplen con los protocolos sanitarios para iniciar el retorno presencial a clases.<\/em><\/strong><!--more--><\/p>\n<p>Esta ma\u00f1ana, el equipo de prevenci\u00f3n de riesgos del Departamento de Educaci\u00f3n Municipal de Ovalle dio a conocer a los integrantes del Concejo Municipal los protocolos sanitarios y medidas preventivas implementadas en los 82 establecimientos educacionales y en los 12 jardines infantiles administrados por el municipio, con motivo del retorno presencial a clases para el a\u00f1o escolar 2022.<\/p>\n<p>En la ocasi\u00f3n se explic\u00f3 en detalle el trabajo realizado desde el 2020, a\u00f1o en el que se decret\u00f3 la pandemia en nuestro pa\u00eds, siguiendo siempre las orientaciones del Ministerio de Educaci\u00f3n y de Salud, enfatizando en el cumplimiento de las medidas preventivas y en el trabajo constante que el Departamento de Educaci\u00f3n ha llevado a cabo para acompa\u00f1ar y asesorar a los establecimientos educacionales.<\/p>\n<p>En la ocasi\u00f3n se hizo hincapi\u00e9 en que todos los jardines, escuelas, colegios y liceos administrados por el Departamento de Educaci\u00f3n Municipal, cumplen con los protocolos sanitarios. Para ello, el equipo de prevencionistas ha venido trabajando en la adecuaci\u00f3n de espacios, instalaci\u00f3n de se\u00f1al\u00e9ticas, capacitaciones sobre el uso de los materiales de limpieza, entre otros aspectos. A esto se suma la compra de los elementos de sanitizaci\u00f3n, como pulverizadoras, utilizadas en espacios abiertos, y nebulizadores, para sanitizar salas de clases, bibliotecas y otros espacios educativos.<\/p>\n<p>\u201cQueremos que los padres y apoderados, as\u00ed como tambi\u00e9n nuestros funcionarios, tengan la tranquilidad que hemos trabajado de forma constante para garantizar todas las condiciones necesarias para que las unidades educativas abran sus puertas y puedan recibir a los estudiantes e iniciar las clases presenciales\u201d, enfatiz\u00f3 el alcalde y sostenedor del sistema educativo municipal, Claudio Renter\u00eda Larrondo.<\/p>\n<p>Entre el lunes y el mi\u00e9rcoles, vuelve a clases la totalidad de los establecimientos municipales, en los horarios que cada comunidad informativa ha ido informando en sus respectivas redes sociales.<\/p>\n<p>&nbsp;<\/p>\n<p><strong>SOBRE EL UNIFORME ESCOLAR<\/strong><\/p>\n<p>Uno de los temas que ha generado consultas por parte de los padres y apoderados es el uniforme escolar. Frente a ello es importante mencionar que el Departamento de Educaci\u00f3n Municipal de Ovalle (DEM) act\u00faa en coherencia con lo estipulado por la normativa vigente del Estado de Chile. El jefe DEM comunal, Nelson Olivares M\u00e1nquez, afirma que el uso obligatorio o flexible es una decisi\u00f3n tomada entre el establecimiento, el Centro de Padres y el Consejo de Profesores, \u201cdecisi\u00f3n en la que tambi\u00e9n son consultados el Centro de Estudiantes y el Comit\u00e9 de Seguridad, normas que deben estar tambi\u00e9n establecidas en el Reglamento Interno de cada escuela, colegio y liceo\u201d.<\/p>\n<p>Sin embargo, agrega que \u201cen el contexto en el que nos encontramos, nos llama a ser flexibles y es la orientaci\u00f3n que hemos recibido de nuestro alcalde y sostenedor del sistema educativo para los establecimientos educacionales bajo nuestra administraci\u00f3n, considerando adem\u00e1s que la Superintendencia de Educaci\u00f3n, a trav\u00e9s de la Circular 482 del 2018 se\u00f1ala que \u201cen ning\u00fan caso el uso de uniforme escolar puede afectar el derecho de la educaci\u00f3n, por lo que no es posible sancionar a ning\u00fan estudiante con la prohibici\u00f3n de ingresar al establecimiento educacional, la suspensi\u00f3n o exclusi\u00f3n de actividades educativas\u201d.<\/p>\n<p>En cuanto a la solicitud de \u00fatiles escolares, y dependiendo de los proyectos educativos de cada establecimiento, \u201cse entregan diversos elementos que permiten apoyar el proceso pedag\u00f3gico de los estudiantes. Adem\u00e1s, a trav\u00e9s de las distintas subvenciones, se entregan no solo \u00fatiles escolares, sino tambi\u00e9n insumos tecnol\u00f3gicos, vestimenta y alimentos, entre otros apoyos que sean necesarios para garantizar el bienestar de nuestras alumnas y alumnos\u201d, afirma el jefe DEM, Nelson Olivares.<\/p>\n<p><strong>Dato:<\/strong><\/p>\n<p>Inversi\u00f3n en recursos covid 2020: $ 224.577.873<\/p>\n<p>Inversi\u00f3n en recursos covid 2021: $ 325.776.166<\/p>\n<p>Inversi\u00f3n en recursos covid a\u00f1o 2022 (a la fecha): $ 110.000.000<\/p>\n<p>&nbsp;<\/p>\n<p>&nbsp;<\/p>\n<p>&nbsp;<\/p>\n","protected":false},"excerpt":{"rendered":"<p>Todos los jardines, escuelas, colegios y liceos administrados por el Departamento de Educaci\u00f3n Municipal, cumplen con los protocolos sanitarios para iniciar el retorno presencial a clases.<\/p>\n","protected":false},"author":2,"featured_media":6812,"comment_status":"open","ping_status":"open","sticky":false,"template":"","format":"standard","meta":{"footnotes":""},"categories":[5],"tags":[],"class_list":["post-6810","post","type-post","status-publish","format-standard","has-post-thumbnail","hentry","category-actualidad-limarina"],"_links":{"self":[{"href":"https:\/\/www.radiolimari.cl\/index.php?rest_route=\/wp\/v2\/posts\/6810","targetHints":{"allow":["GET"]}}],"collection":[{"href":"https:\/\/www.radiolimari.cl\/index.php?rest_route=\/wp\/v2\/posts"}],"about":[{"href":"https:\/\/www.radiolimari.cl\/index.php?rest_route=\/wp\/v2\/types\/post"}],"author":[{"embeddable":true,"href":"https:\/\/www.radiolimari.cl\/index.php?rest_route=\/wp\/v2\/users\/2"}],"replies":[{"embeddable":true,"href":"https:\/\/www.radiolimari.cl\/index.php?rest_route=%2Fwp%2Fv2%2Fcomments&post=6810"}],"version-history":[{"count":1,"href":"https:\/\/www.radiolimari.cl\/index.php?rest_route=\/wp\/v2\/posts\/6810\/revisions"}],"predecessor-version":[{"id":6813,"href":"https:\/\/www.radiolimari.cl\/index.php?rest_route=\/wp\/v2\/posts\/6810\/revisions\/6813"}],"wp:featuredmedia":[{"embeddable":true,"href":"https:\/\/www.radiolimari.cl\/index.php?rest_route=\/wp\/v2\/media\/6812"}],"wp:attachment":[{"href":"https:\/\/www.radiolimari.cl\/index.php?rest_route=%2Fwp%2Fv2%2Fmedia&parent=6810"}],"wp:term":[{"taxonomy":"category","embeddable":true,"href":"https:\/\/www.radiolimari.cl\/index.php?rest_route=%2Fwp%2Fv2%2Fcategories&post=6810"},{"taxonomy":"post_tag","embeddable":true,"href":"https:\/\/www.radiolimari.cl\/index.php?rest_route=%2Fwp%2Fv2%2Ftags&post=6810"}],"curies":[{"name":"wp","href":"https:\/\/api.w.org\/{rel}","templated":true}]}}