{"id":6804,"date":"2022-02-25T15:22:21","date_gmt":"2022-02-25T15:22:21","guid":{"rendered":"http:\/\/www.radiolimari.cl\/?p=6804"},"modified":"2022-02-25T15:22:21","modified_gmt":"2022-02-25T15:22:21","slug":"detectives-recuperan-vehiculo-de-alta-gama-robado-durante-la-noche-en-los-vilos","status":"publish","type":"post","link":"https:\/\/www.radiolimari.cl\/?p=6804","title":{"rendered":"Detectives recuperan veh\u00edculo de alta gama robado durante la noche en Los Vilos"},"content":{"rendered":"<p><a href=\"https:\/\/www.radiolimari.cl\/wp-content\/uploads\/2022\/02\/25.2-pdi-audi-ruta-5H.jpg\"><img fetchpriority=\"high\" decoding=\"async\" class=\"alignnone size-medium wp-image-6805\" src=\"https:\/\/www.radiolimari.cl\/wp-content\/uploads\/2022\/02\/25.2-pdi-audi-ruta-5H-300x225.jpg\" alt=\"25.2 pdi audi ruta 5H\" width=\"300\" height=\"225\" srcset=\"https:\/\/www.radiolimari.cl\/wp-content\/uploads\/2022\/02\/25.2-pdi-audi-ruta-5H-300x225.jpg 300w, https:\/\/www.radiolimari.cl\/wp-content\/uploads\/2022\/02\/25.2-pdi-audi-ruta-5H-1024x768.jpg 1024w, https:\/\/www.radiolimari.cl\/wp-content\/uploads\/2022\/02\/25.2-pdi-audi-ruta-5H.jpg 1600w\" sizes=\"(max-width: 300px) 100vw, 300px\" \/><\/a><\/p>\n<p>Personal de la Brigada de Investigaci\u00f3n Criminal Los Vilos logr\u00f3, en unas horas, encontrar el autom\u00f3vil abandonado en la ruta 5<!--more--><\/p>\n<p>La versi\u00f3n del propietario del veh\u00edculo de alta gama, marca Audi, se\u00f1ala que el robo ocurri\u00f3 en el sector Costanera en la ciudad de Los Vilos, iniciando el procedimiento de la Brigada de Investigaci\u00f3n Criminal de dicha comuna.<\/p>\n<p>Luego de aplicar diversas t\u00e9cnicas de an\u00e1lisis criminal e inteligencia policial, los detectives lograron ubicar el auto sustra\u00eddo, abandonado, al d\u00eda siguiente, en la carretera.<\/p>\n<p><strong>\u201cDetectives de esta unidad, realizan las primeras diligencias respecto a esta denuncia que fue recibida por Carabineros y tras una labor en conjunto, logramos ubicar el autom\u00f3vil, en la ruta 5, en el sector de Huentelauqu\u00e9n, al norte del lugar del robo\u201d,<\/strong> se\u00f1al\u00f3 el subprefecto Luis Romero, jefe de la Brigada de Investigaci\u00f3n Criminal Los Vilos.<\/p>\n<p>Tras la ubicaci\u00f3n del autom\u00f3vil, en coordinaci\u00f3n con el Ministerio P\u00fablico local, los detectives desarrollaron nuevas diligencias en el interior del m\u00f3vil, adem\u00e1s de la recuperaci\u00f3n y levantamiento de evidencias relevantes para determinar las responsabilidades y circunstancias del delito. Tras los peritajes de rigor y por instrucci\u00f3n de la fiscal\u00eda de Los Vilos se procedi\u00f3 a realizar la entrega del veh\u00edculo a su propietario.<\/p>\n","protected":false},"excerpt":{"rendered":"<p>Personal de la Brigada de Investigaci\u00f3n Criminal Los Vilos logr\u00f3, en unas horas, encontrar el autom\u00f3vil abandonado en la ruta 5<\/p>\n","protected":false},"author":2,"featured_media":6805,"comment_status":"open","ping_status":"open","sticky":false,"template":"","format":"standard","meta":{"footnotes":""},"categories":[6],"tags":[],"class_list":["post-6804","post","type-post","status-publish","format-standard","has-post-thumbnail","hentry","category-regionales"],"_links":{"self":[{"href":"https:\/\/www.radiolimari.cl\/index.php?rest_route=\/wp\/v2\/posts\/6804","targetHints":{"allow":["GET"]}}],"collection":[{"href":"https:\/\/www.radiolimari.cl\/index.php?rest_route=\/wp\/v2\/posts"}],"about":[{"href":"https:\/\/www.radiolimari.cl\/index.php?rest_route=\/wp\/v2\/types\/post"}],"author":[{"embeddable":true,"href":"https:\/\/www.radiolimari.cl\/index.php?rest_route=\/wp\/v2\/users\/2"}],"replies":[{"embeddable":true,"href":"https:\/\/www.radiolimari.cl\/index.php?rest_route=%2Fwp%2Fv2%2Fcomments&post=6804"}],"version-history":[{"count":1,"href":"https:\/\/www.radiolimari.cl\/index.php?rest_route=\/wp\/v2\/posts\/6804\/revisions"}],"predecessor-version":[{"id":6806,"href":"https:\/\/www.radiolimari.cl\/index.php?rest_route=\/wp\/v2\/posts\/6804\/revisions\/6806"}],"wp:featuredmedia":[{"embeddable":true,"href":"https:\/\/www.radiolimari.cl\/index.php?rest_route=\/wp\/v2\/media\/6805"}],"wp:attachment":[{"href":"https:\/\/www.radiolimari.cl\/index.php?rest_route=%2Fwp%2Fv2%2Fmedia&parent=6804"}],"wp:term":[{"taxonomy":"category","embeddable":true,"href":"https:\/\/www.radiolimari.cl\/index.php?rest_route=%2Fwp%2Fv2%2Fcategories&post=6804"},{"taxonomy":"post_tag","embeddable":true,"href":"https:\/\/www.radiolimari.cl\/index.php?rest_route=%2Fwp%2Fv2%2Ftags&post=6804"}],"curies":[{"name":"wp","href":"https:\/\/api.w.org\/{rel}","templated":true}]}}