{"id":6801,"date":"2022-02-25T15:14:19","date_gmt":"2022-02-25T15:14:19","guid":{"rendered":"http:\/\/www.radiolimari.cl\/?p=6801"},"modified":"2022-02-25T15:14:19","modified_gmt":"2022-02-25T15:14:19","slug":"presidenta-de-la-corte-de-apelaciones-la-serena-suscribe-convenio-con-la-policia-de-investigaciones-de-chile","status":"publish","type":"post","link":"https:\/\/www.radiolimari.cl\/?p=6801","title":{"rendered":"Presidenta de la Corte de Apelaciones La Serena suscribe convenio con la Polic\u00eda de Investigaciones de Chile"},"content":{"rendered":"<p><a href=\"https:\/\/www.radiolimari.cl\/wp-content\/uploads\/2022\/02\/25.2-corte-apelaciones-1.jpg\"><img fetchpriority=\"high\" decoding=\"async\" class=\"alignnone size-medium wp-image-6802\" src=\"https:\/\/www.radiolimari.cl\/wp-content\/uploads\/2022\/02\/25.2-corte-apelaciones-1-300x200.jpg\" alt=\"25.2 corte apelaciones 1\" width=\"300\" height=\"200\" srcset=\"https:\/\/www.radiolimari.cl\/wp-content\/uploads\/2022\/02\/25.2-corte-apelaciones-1-300x200.jpg 300w, https:\/\/www.radiolimari.cl\/wp-content\/uploads\/2022\/02\/25.2-corte-apelaciones-1-1024x684.jpg 1024w\" sizes=\"(max-width: 300px) 100vw, 300px\" \/><\/a><\/p>\n<p>El convenio de la Corte de Apelaciones con la Polic\u00eda de Investigaciones se suma a los suscritos en 2021 con el Servicio M\u00e9dico Legal y Gendarmer\u00eda, los que han tenido excelentes resultados.<!--more--><\/p>\n<p>La presidenta de la Corte de Apelaciones de La Serena, ministra Caroline Turner Gonz\u00e1lez, firm\u00f3 un convenio con el jefe regional de la Polic\u00eda de Investigaciones (PDI), el prefecto inspector Ricardo Gatica Aliaga, que viene a formalizar una iniciativa que se comenz\u00f3 a trabajar al comienzo de la pandemia, para notificar de forma remota a funcionarios de organismos p\u00fablicos de citaciones a tribunales.<\/p>\n<p>\u201cDesde marzo de 2020, m\u00e1s del 90% de los funcionarios de los tribunales, corte y de la Corporaci\u00f3n Administrativa del Poder Judicial, comenzaron a realizar teletrabajo, lo que implic\u00f3 que un gran n\u00famero audiencias fueran reagendadas, a lo que se sum\u00f3 la retenci\u00f3n judicial del retiro del 10% de las AFP, lo que implic\u00f3 que las notificaciones se triplicaran\u201d, explic\u00f3 la presidenta Turner Gonz\u00e1lez.<\/p>\n<p>La ministra verific\u00f3 in situ estas cifras cuando visit\u00f3 el pasado viernes 11 de febrero, junto a la administradora Miriam V\u00e9liz y a la relatora de pleno Karla Malebr\u00e1n, el Centro Integrado de Notificaciones Judiciales de La Serena -dependiente del tribunal de alzada y su administradora- donde conoci\u00f3 el levantamiento de informaci\u00f3n sobre la cantidad de notificaciones diarias que se realizaban y cu\u00e1ntas correspond\u00edan a citaciones de funcionarios de organismos o servicios p\u00fablicos, obteniendo un promedio de entre 20 y 30, por lo que, la carga de trabajo de los notificadores se reducir\u00eda significativamente si las citaciones no se entregaban f\u00edsicamente, en terreno.<\/p>\n<p>Con este prop\u00f3sito, a partir de febrero del a\u00f1o pasado se implement\u00f3 un plan piloto de notificaci\u00f3n por medio de correos electr\u00f3nicos a los funcionarios de organismos p\u00fablicos, como los efectivos de la PDI, que son citados por c\u00e9dula, en calidad de testigos, peritos o v\u00edctimas a audiencia. La iniciativa de notificaci\u00f3n v\u00eda correo demostr\u00f3 que se puede contactar al destinatario en forma m\u00e1s r\u00e1pida y eficiente, evitando, adem\u00e1s, los desplazamientos que implican las notificaciones presenciales, las demoras y costos asociados.<\/p>\n<p>\u201cEl convenio constituye un trabajo mucho m\u00e1s r\u00e1pido y eficiente, que adem\u00e1s de la baja de riesgo de contagio de covid, implica tanto un ahorro de tiempo en la entrega de las notificaciones, una reducci\u00f3n de costos para ambas partes, redundando por a\u00f1adidura en el respeto al medio ambiente, ya que no resulta necesaria la impresi\u00f3n de estas notificaciones\u201d, agrega la presidenta del tribunal de alzada.<\/p>\n<p>En tanto, el prefecto Gatica Aliaga sostuvo que: \u201cNuestro plan estrat\u00e9gico institucional apunta a modernizar nuestro desempe\u00f1o profesional para entregar un servicio de excelencia, y este convenio representa plenamente esta hoja de ruta\u201d.<\/p>\n<p>El oficial, adem\u00e1s, relev\u00f3 el rol que ha desempe\u00f1ado la ministra Turner, como presidenta de la Corte de Apelaciones de La Serena.<\/p>\n<p>\u201cPresidenta Caroline Turner, a pocos d\u00edas de terminar su gesti\u00f3n es fundamental felicitarla y reconocer su voluntad y la de su equipo, para poder sumar esfuerzos que permiten adecuarnos a la realidad del pa\u00eds, a las necesidades de contar con una justicia cada vez m\u00e1s \u00e1gil, moderna y oportuna, porque hoy dejamos resuelto uno de tantos desaf\u00edos que hemos asumido en la administraci\u00f3n que nos ha correspondido liderar\u201d, le dijo.<\/p>\n<p>El convenio con la Polic\u00eda de Investigaciones se suma a los suscritos en 2021 con el Servicio M\u00e9dico Legal y Gendarmer\u00eda, los que han tenido excelentes resultados.<\/p>\n<p>\u201cPor parte de los tribunales el cambio fue inmediato, el reagendamiento de audiencias por falta de asistencia de los testigos o peritos baj\u00f3 sustancialmente, al ser los funcionarios notificados oportunamente\u201d, concluy\u00f3 la ministra.<\/p>\n","protected":false},"excerpt":{"rendered":"<p>El convenio de la Corte de Apelaciones con la Polic\u00eda de Investigaciones se suma a los suscritos en 2021 con el Servicio M\u00e9dico Legal y Gendarmer\u00eda, los que han tenido excelentes resultados.<\/p>\n","protected":false},"author":2,"featured_media":6802,"comment_status":"open","ping_status":"open","sticky":false,"template":"","format":"standard","meta":{"footnotes":""},"categories":[3],"tags":[],"class_list":["post-6801","post","type-post","status-publish","format-standard","has-post-thumbnail","hentry","category-actualidad"],"_links":{"self":[{"href":"https:\/\/www.radiolimari.cl\/index.php?rest_route=\/wp\/v2\/posts\/6801","targetHints":{"allow":["GET"]}}],"collection":[{"href":"https:\/\/www.radiolimari.cl\/index.php?rest_route=\/wp\/v2\/posts"}],"about":[{"href":"https:\/\/www.radiolimari.cl\/index.php?rest_route=\/wp\/v2\/types\/post"}],"author":[{"embeddable":true,"href":"https:\/\/www.radiolimari.cl\/index.php?rest_route=\/wp\/v2\/users\/2"}],"replies":[{"embeddable":true,"href":"https:\/\/www.radiolimari.cl\/index.php?rest_route=%2Fwp%2Fv2%2Fcomments&post=6801"}],"version-history":[{"count":1,"href":"https:\/\/www.radiolimari.cl\/index.php?rest_route=\/wp\/v2\/posts\/6801\/revisions"}],"predecessor-version":[{"id":6803,"href":"https:\/\/www.radiolimari.cl\/index.php?rest_route=\/wp\/v2\/posts\/6801\/revisions\/6803"}],"wp:featuredmedia":[{"embeddable":true,"href":"https:\/\/www.radiolimari.cl\/index.php?rest_route=\/wp\/v2\/media\/6802"}],"wp:attachment":[{"href":"https:\/\/www.radiolimari.cl\/index.php?rest_route=%2Fwp%2Fv2%2Fmedia&parent=6801"}],"wp:term":[{"taxonomy":"category","embeddable":true,"href":"https:\/\/www.radiolimari.cl\/index.php?rest_route=%2Fwp%2Fv2%2Fcategories&post=6801"},{"taxonomy":"post_tag","embeddable":true,"href":"https:\/\/www.radiolimari.cl\/index.php?rest_route=%2Fwp%2Fv2%2Ftags&post=6801"}],"curies":[{"name":"wp","href":"https:\/\/api.w.org\/{rel}","templated":true}]}}