{"id":6798,"date":"2022-02-25T15:04:55","date_gmt":"2022-02-25T15:04:55","guid":{"rendered":"http:\/\/www.radiolimari.cl\/?p=6798"},"modified":"2022-02-25T15:04:55","modified_gmt":"2022-02-25T15:04:55","slug":"ministerio-de-la-mujer-y-junji-coquimbo-se-unen-en-campana-para-erradicar-la-violencia-contra-las-mujeres","status":"publish","type":"post","link":"https:\/\/www.radiolimari.cl\/?p=6798","title":{"rendered":"Ministerio de la Mujer y Junji Coquimbo se unen en campa\u00f1a para erradicar la violencia contra las mujeres"},"content":{"rendered":"<p><a href=\"https:\/\/www.radiolimari.cl\/wp-content\/uploads\/2022\/02\/25.2-sernameg.jpg\"><img decoding=\"async\" class=\"alignnone size-medium wp-image-6799\" src=\"https:\/\/www.radiolimari.cl\/wp-content\/uploads\/2022\/02\/25.2-sernameg-300x135.jpg\" alt=\"25.2 sernameg\" width=\"300\" height=\"135\" srcset=\"https:\/\/www.radiolimari.cl\/wp-content\/uploads\/2022\/02\/25.2-sernameg-300x135.jpg 300w, https:\/\/www.radiolimari.cl\/wp-content\/uploads\/2022\/02\/25.2-sernameg-1024x460.jpg 1024w, https:\/\/www.radiolimari.cl\/wp-content\/uploads\/2022\/02\/25.2-sernameg.jpg 1600w\" sizes=\"(max-width: 300px) 100vw, 300px\" \/><\/a><\/p>\n<p>Esta campa\u00f1a tambi\u00e9n est\u00e1 orientada a apoyar a aquellas personas que est\u00e9n en riesgo de sufrir agresiones, sensibilizando a la poblaci\u00f3n para detener posibles acciones de violencia contra las mujeres en su entorno familiar y\/o laboral, los que ser\u00e1n instalados en los jardines infantiles de Junji en la regi\u00f3n.<!--more--><\/p>\n<p>Erradicar la violencia desde\u00a0 la temprana edad y avanzar en cambios cultuales desde la infancia\u201d, es uno de los objetivos de la \u201cJuntos detengamos la violencia contra las mujeres\u201d. La seremi de la Mujer y la Equidad de G\u00e9nero, Iv\u00f3n Guerra lleg\u00f3 hasta la Oficina del Director Regional de Junji Coquimbo, Tom\u00e1s Gonz\u00e1lez para hacerle entrega \u00a0set de afiches relacionados a esta campa\u00f1a, los cuales ser\u00e1n instalados en distintos jardines infantiles de la regi\u00f3n.<\/p>\n<p>La seremi Guerra dialog\u00f3 con Gonz\u00e1lez\u00a0 y le hizo saber la importancia que desde los jardines infantiles se fomente en ni\u00f1os\u00a0 y ni\u00f1as el respeto y la equidad de g\u00e9nero.<\/p>\n<p>Esta campa\u00f1a tambi\u00e9n est\u00e1 orientada a apoyar a aquellas personas que est\u00e9n en riesgo de sufrir agresiones, sensibilizando a la poblaci\u00f3n para detener posibles acciones de violencia contra las mujeres en su entorno familiar y\/o laboral, los que ser\u00e1n instalados en los jardines infantiles de Junji en la regi\u00f3n.<\/p>\n<p>La seremi, Iv\u00f3n Guerra explic\u00f3 la significancia de la campa\u00f1a, <strong>\u201cnecesitamos avanzar hacia cambios culturales profundos de respeto y equidad entre hombres y mujeres. Y\u00a0 este objetivo lo vamos a cumplir si comenzamos con la educaci\u00f3n y sobre todo la de primera infancia, por lo mismo para nuestro Gobierno y ministerio trabajar con los jardines infantiles fomentando nuestras campa\u00f1as es fundamental. Los ni\u00f1os y ni\u00f1as de hoy son el futuro de Chile y ese futuro debe desarrollarse con perspectiva de g\u00e9nero y con ganas de erradicar todo acto de violencia que vulnere a las mujeres\u201d.<\/strong><\/p>\n<p>Por su parte, el director de Junji Coquimbo, Tom\u00e1s Gonz\u00e1lez se\u00f1al\u00f3,<strong> \u201cSomos una instituci\u00f3n que est\u00e1 muy comprometida con la equidad de g\u00e9nero desde la primera infancia y la prevenci\u00f3n de la violencia contra la mujer. Por ello que agradecemos a la Seremi de la Mujer y la Equidad de G\u00e9nero este trabajo colaborativo y el material informativo que nos entrega para nuestros jardines infantiles, con la finalidad de promover distintos canales de comunicaci\u00f3n y orientaci\u00f3n en torno a esta tem\u00e1tica\u201d, <\/strong>concluy\u00f3.<\/p>\n<p>&nbsp;<\/p>\n<p>&nbsp;<\/p>\n","protected":false},"excerpt":{"rendered":"<p>Esta campa\u00f1a tambi\u00e9n est\u00e1 orientada a apoyar a aquellas personas que est\u00e9n en riesgo de sufrir agresiones, sensibilizando a la poblaci\u00f3n para detener posibles acciones de violencia contra las mujeres en su entorno familiar y\/o laboral, los que ser\u00e1n instalados en los jardines infantiles de Junji en la regi\u00f3n.<\/p>\n","protected":false},"author":2,"featured_media":6799,"comment_status":"open","ping_status":"open","sticky":false,"template":"","format":"standard","meta":{"footnotes":""},"categories":[6],"tags":[],"class_list":["post-6798","post","type-post","status-publish","format-standard","has-post-thumbnail","hentry","category-regionales"],"_links":{"self":[{"href":"https:\/\/www.radiolimari.cl\/index.php?rest_route=\/wp\/v2\/posts\/6798","targetHints":{"allow":["GET"]}}],"collection":[{"href":"https:\/\/www.radiolimari.cl\/index.php?rest_route=\/wp\/v2\/posts"}],"about":[{"href":"https:\/\/www.radiolimari.cl\/index.php?rest_route=\/wp\/v2\/types\/post"}],"author":[{"embeddable":true,"href":"https:\/\/www.radiolimari.cl\/index.php?rest_route=\/wp\/v2\/users\/2"}],"replies":[{"embeddable":true,"href":"https:\/\/www.radiolimari.cl\/index.php?rest_route=%2Fwp%2Fv2%2Fcomments&post=6798"}],"version-history":[{"count":1,"href":"https:\/\/www.radiolimari.cl\/index.php?rest_route=\/wp\/v2\/posts\/6798\/revisions"}],"predecessor-version":[{"id":6800,"href":"https:\/\/www.radiolimari.cl\/index.php?rest_route=\/wp\/v2\/posts\/6798\/revisions\/6800"}],"wp:featuredmedia":[{"embeddable":true,"href":"https:\/\/www.radiolimari.cl\/index.php?rest_route=\/wp\/v2\/media\/6799"}],"wp:attachment":[{"href":"https:\/\/www.radiolimari.cl\/index.php?rest_route=%2Fwp%2Fv2%2Fmedia&parent=6798"}],"wp:term":[{"taxonomy":"category","embeddable":true,"href":"https:\/\/www.radiolimari.cl\/index.php?rest_route=%2Fwp%2Fv2%2Fcategories&post=6798"},{"taxonomy":"post_tag","embeddable":true,"href":"https:\/\/www.radiolimari.cl\/index.php?rest_route=%2Fwp%2Fv2%2Ftags&post=6798"}],"curies":[{"name":"wp","href":"https:\/\/api.w.org\/{rel}","templated":true}]}}