{"id":6794,"date":"2022-02-24T00:59:15","date_gmt":"2022-02-24T00:59:15","guid":{"rendered":"http:\/\/www.radiolimari.cl\/?p=6794"},"modified":"2022-02-24T00:59:40","modified_gmt":"2022-02-24T00:59:40","slug":"villa-los-halcones-y-poblacion-fray-jorge-abrieron-las-puertas-de-sus-nuevas-sedes-sociales","status":"publish","type":"post","link":"https:\/\/www.radiolimari.cl\/?p=6794","title":{"rendered":"Villa Los Halcones y Poblaci\u00f3n Fray Jorge abrieron las puertas de sus nuevas sedes sociales"},"content":{"rendered":"<p><a href=\"https:\/\/www.radiolimari.cl\/wp-content\/uploads\/2022\/02\/23.2-Sedes-sociales-programa-DS27-2.jpg\"><img fetchpriority=\"high\" decoding=\"async\" class=\"alignnone size-medium wp-image-6795\" src=\"https:\/\/www.radiolimari.cl\/wp-content\/uploads\/2022\/02\/23.2-Sedes-sociales-programa-DS27-2-300x200.jpg\" alt=\"23.2 Sedes sociales programa DS27 (2)\" width=\"300\" height=\"200\" srcset=\"https:\/\/www.radiolimari.cl\/wp-content\/uploads\/2022\/02\/23.2-Sedes-sociales-programa-DS27-2-300x200.jpg 300w, https:\/\/www.radiolimari.cl\/wp-content\/uploads\/2022\/02\/23.2-Sedes-sociales-programa-DS27-2-1024x682.jpg 1024w, https:\/\/www.radiolimari.cl\/wp-content\/uploads\/2022\/02\/23.2-Sedes-sociales-programa-DS27-2.jpg 1620w\" sizes=\"(max-width: 300px) 100vw, 300px\" \/><\/a><\/p>\n<p><strong><em>Ambos proyectos se concretaron, gracias al programa DS27 del ministerio de Vivienda y Urbanismo, instancia en que esta cartera aporta el 90% del costo de la obra y el 10% restante es proporcionado por el municipio de Ovalle. Los vecinos de los sectores beneficiados se mostraron muy contentos con los nuevos y amplios recintos comunitarios.<\/em><\/strong><!--more--><\/p>\n<p>Felices est\u00e1n los vecinos de Villa Los Halcones y de la poblaci\u00f3n Fray Jorge, puesto que ambos sectores de Ovalle fueron beneficiados por el programa DS27 del ministerio de Vivienda y Urbanismo (MINVU), hecho que permiti\u00f3 que hoy cuenten con nuevas y amplias sedes sociales para sus actividades. En esta iniciativa gubernamental, el MINVU entrega el 90% del costo total de la obra y el 10% restante es aportado por el municipio de Ovalle.<\/p>\n<p>En el caso de Villa Los Alcones, las nuevas dependencias vinieron a reemplazar un recinto comunitario que estaba en precarias condiciones, lo que era un peligro constante para los vecinos. En este sector de la parte alta de Ovalle, se construyeron amplias dependencias con un sal\u00f3n de eventos, un \u00e1rea de cocina, servicios higi\u00e9nicos y un galp\u00f3n exterior que servir\u00e1 para actividades recreativas y deportivas al aire libre. Las llaves del nuevo recinto comunitario, que tuvo un costo de 3.600 UF, fueron entregadas a la directiva del sector residencial por el alcalde (S) de Ovalle, H\u00e9ctor Vega Campusano y el director provincial de Serviu, Leonardo Alfaro. Al respecto, la presidenta de la junta de vecinos de Villa Los Halcones, Teresa Mar\u00edn indic\u00f3 que esta obra \u201ces un avance muy importante para nuestra villa, porque anteriormente ten\u00edamos un recinto en malas condiciones, era de madera y ten\u00edamos muchos problemas para realizar nuestras actividades. Ahora todo este panorama cambi\u00f3 y estamos felices de tener las llaves de nuestra sede, para pr\u00f3ximamente poder ocuparla en nuestras actividades\u201d.<\/p>\n<p>Con este mismo financiamiento, se realiz\u00f3 la construcci\u00f3n de la nueva sede de la poblaci\u00f3n Fray Jorge, que alcanz\u00f3 una inversi\u00f3n de 2000 UF, y que cuenta con \u00e1reas de cocina, servicios higi\u00e9nicos, oficinas y sal\u00f3n de eventos. Tras recibir las llaves de la nueva sede social, la presidenta de la junta de vecinos de la poblaci\u00f3n Fray Jorge, Marta Arqueros se mostr\u00f3 muy emocionada, porque \u201cera una necesidad imperiosa que ten\u00edamos y los vecinos est\u00e1n muy contentos. Fue un proceso muy bonito porque participamos de los avances de la construcci\u00f3n y la empresa a cargo siempre tuvo la disposici\u00f3n para escucharnos e informarnos sobre la distribuci\u00f3n de las nuevas dependencias\u201d.<\/p>\n<p>En este sentido, el alcalde (S) de Ovalle, H\u00e9ctor Vega Campusano sostuvo que el programa DS27 \u201cnos ha entregado muchas satisfacciones, porque hemos podido construir varias sedes sociales y de buen nivel. En el caso de estas dos obras, el financiamiento nos permiti\u00f3 habilitar dos recintos comunitarios amplios y que cumplen con todas las caracter\u00edsticas, para satisfacer las necesidades de los vecinos. De esta forma, tanto los residentes de Villa Los Alcones, como de la poblaci\u00f3n Fray Jorge dejar\u00e1n atr\u00e1s la incomodidades de sus recintos antiguos, que les imposibilitaba, en ocasiones, realizar sus actividades de buena manera\u201d.<\/p>\n<p>En tanto, el director provincial de SERVIU, Leonardo Alfaro indic\u00f3 que estas obras \u201cson parte de los primeros proyectos DS27 de la regi\u00f3n de Coquimbo, hecho que se da porque la municipalidad de Ovalle contaba con los recursos para contribuir con el 10% del financiamiento de las obras. La comuna de Ovalle ha avanzado mucho en lo que respecta a nuestro trabajo, tanto en materia de nuevas viviendas y tambi\u00e9n en la habilitaci\u00f3n de \u00e1reas comunitarias\u201d.<\/p>\n","protected":false},"excerpt":{"rendered":"<p>Ambos proyectos se concretaron, gracias al programa DS27 del ministerio de Vivienda y Urbanismo, instancia en que esta cartera aporta el 90% del costo de la obra y el 10% restante es proporcionado por el municipio de Ovalle. Los vecinos de los sectores beneficiados se mostraron muy contentos con los nuevos y amplios recintos comunitarios.<\/p>\n","protected":false},"author":2,"featured_media":6795,"comment_status":"open","ping_status":"open","sticky":false,"template":"","format":"standard","meta":{"footnotes":""},"categories":[5],"tags":[],"class_list":["post-6794","post","type-post","status-publish","format-standard","has-post-thumbnail","hentry","category-actualidad-limarina"],"_links":{"self":[{"href":"https:\/\/www.radiolimari.cl\/index.php?rest_route=\/wp\/v2\/posts\/6794","targetHints":{"allow":["GET"]}}],"collection":[{"href":"https:\/\/www.radiolimari.cl\/index.php?rest_route=\/wp\/v2\/posts"}],"about":[{"href":"https:\/\/www.radiolimari.cl\/index.php?rest_route=\/wp\/v2\/types\/post"}],"author":[{"embeddable":true,"href":"https:\/\/www.radiolimari.cl\/index.php?rest_route=\/wp\/v2\/users\/2"}],"replies":[{"embeddable":true,"href":"https:\/\/www.radiolimari.cl\/index.php?rest_route=%2Fwp%2Fv2%2Fcomments&post=6794"}],"version-history":[{"count":2,"href":"https:\/\/www.radiolimari.cl\/index.php?rest_route=\/wp\/v2\/posts\/6794\/revisions"}],"predecessor-version":[{"id":6797,"href":"https:\/\/www.radiolimari.cl\/index.php?rest_route=\/wp\/v2\/posts\/6794\/revisions\/6797"}],"wp:featuredmedia":[{"embeddable":true,"href":"https:\/\/www.radiolimari.cl\/index.php?rest_route=\/wp\/v2\/media\/6795"}],"wp:attachment":[{"href":"https:\/\/www.radiolimari.cl\/index.php?rest_route=%2Fwp%2Fv2%2Fmedia&parent=6794"}],"wp:term":[{"taxonomy":"category","embeddable":true,"href":"https:\/\/www.radiolimari.cl\/index.php?rest_route=%2Fwp%2Fv2%2Fcategories&post=6794"},{"taxonomy":"post_tag","embeddable":true,"href":"https:\/\/www.radiolimari.cl\/index.php?rest_route=%2Fwp%2Fv2%2Ftags&post=6794"}],"curies":[{"name":"wp","href":"https:\/\/api.w.org\/{rel}","templated":true}]}}