{"id":6791,"date":"2022-02-23T16:37:24","date_gmt":"2022-02-23T16:37:24","guid":{"rendered":"http:\/\/www.radiolimari.cl\/?p=6791"},"modified":"2022-02-23T16:37:24","modified_gmt":"2022-02-23T16:37:24","slug":"cerrillos-de-tamaya-en-ovalle-y-hurtado-en-rio-hurtado-seran-parte-del-microfestival-vive-arte-en-tu-barrio-que-recorre-la-region-con-musica-teatro-y-artes-visuales","status":"publish","type":"post","link":"https:\/\/www.radiolimari.cl\/?p=6791","title":{"rendered":"Cerrillos de Tamaya en Ovalle y Hurtado en R\u00edo Hurtado, ser\u00e1n parte del Microfestival \u201cVive Arte en tu Barrio\u201d  que recorre la regi\u00f3n con m\u00fasica, teatro y artes visuales"},"content":{"rendered":"<p><a href=\"https:\/\/www.radiolimari.cl\/wp-content\/uploads\/2022\/02\/23.2-Obra-Locas-Mujeres.jpeg\"><img fetchpriority=\"high\" decoding=\"async\" class=\"alignnone size-medium wp-image-6792\" src=\"https:\/\/www.radiolimari.cl\/wp-content\/uploads\/2022\/02\/23.2-Obra-Locas-Mujeres-300x186.jpeg\" alt=\"23.2 Obra Locas Mujeres\" width=\"300\" height=\"186\" srcset=\"https:\/\/www.radiolimari.cl\/wp-content\/uploads\/2022\/02\/23.2-Obra-Locas-Mujeres-300x186.jpeg 300w, https:\/\/www.radiolimari.cl\/wp-content\/uploads\/2022\/02\/23.2-Obra-Locas-Mujeres.jpeg 939w\" sizes=\"(max-width: 300px) 100vw, 300px\" \/><\/a><\/p>\n<p>Adem\u00e1s son parte\u00a0 las localidades\u00a0 Villa San Rafael en Illapel, Huentelauqu\u00e9n Norte en Canela,\u00a0 Chapilca\u00a0 en Vicu\u00f1a y El Tangue en Coquimbo donde se desarrollan diversas expresiones art\u00edstico-culturales hasta el 27 de febrero.<!--more--><\/p>\n<p>Hasta el\u00a027 de febrero del presente a\u00f1o, se desarrollan una serie de presentaciones en diversos sectores de la regi\u00f3n. Se trata del microfestival \u201cVive Arte en tu Barrio\u201d, organizado por la Seremi de las Culturas, las Artes y el Patrimonio, que busca llegar a localidades alejadas y acompa\u00f1ar a la comunidad a trav\u00e9s del arte y manifestaciones culturales.<\/p>\n<p>La iniciativa territorial considera la presencia del reconocido m\u00fasico, Ankatu Alquinta, quien presentar\u00e1 un repertorio de cl\u00e1sicos populares chilenos. El teatro tambi\u00e9n dir\u00e1 presente con la obra \u201cLocas Mujeres\u201d, una puesta en escena de cuatro poemas del libro Lagar (1954) de Gabriela Mistral, a cargo de la compa\u00f1\u00eda Los Mil Nombres.<\/p>\n<p>Por su parte, los artistas visuales Ngwazi &amp; Casualgrafik realizar\u00e1n intervenciones de pintura en vivo junto a la comunidad. Por \u00faltimo, \u201cEl Ba\u00fal de Gabriela\u201d llevar\u00e1 a cabo mediaciones lectoras a ni\u00f1os y ni\u00f1as con el fin de dar a conocer de manera l\u00fadica e inclusiva las diversas facetas de la poeta elquina Gabriela Mistral, a trav\u00e9s de la narraci\u00f3n de cuentos y la realizaci\u00f3n de juegos.<\/p>\n<p>El seremi Francisco Varas se\u00f1al\u00f3 que \u201cesta iniciativa responde a la necesidad de acudir con variadas expresiones art\u00edstico-culturales a sectores alejados y con dificultades de conectividad, donde la pandemia ha golpeado con dureza a la comunidad. Estamos contentos de compartir con ellos a trav\u00e9s de la m\u00fasica, el teatro, las artes visuales y la literatura, generando un espacio de rencuentro entre los vecinos con el arte y la cultura en espacios p\u00fablicos\u201d.<\/p>\n<p>Las localidades elegidas para albergar este microfestival son: Villa San Rafael (Illapel), Huentelauqu\u00e9n Norte (Canela), Cerrillos de Tamaya (Ovalle), Hurtado (R\u00edo Hurtado), Chapilca (Vicu\u00f1a) y El Tangue (Coquimbo).<\/p>\n<p>&nbsp;<\/p>\n<p><strong>Programaci\u00f3n \u201cVive Arte en tu Barrio\u201d<\/strong><strong>\u00a0<\/strong><\/p>\n<p>&#8211; 23 de febrero, 19:00 horas &#8211; Illapel (Villa San Rafael)<\/p>\n<p>&#8211; 24 de febrero, 19:00 horas &#8211;\u00a0 Canela (Huentelauqu\u00e9n Norte)<\/p>\n<p>&#8211; 25 de febrero, 19:00 horas &#8211; Ovalle (Cerrillos de Tamaya)<\/p>\n<p>&#8211; 26 de febrero, 16:00 horas &#8211;\u00a0 R\u00edo Hurtado (Pueblo de Hurtado)<\/p>\n<p>&#8211; 27 de febrero, 19:00 horas &#8211;\u00a0 Vicu\u00f1a (Chapilca)<\/p>\n","protected":false},"excerpt":{"rendered":"<p>Adem\u00e1s son parte\u00a0 las localidades\u00a0 Villa San Rafael en Illapel, Huentelauqu\u00e9n Norte en Canela,\u00a0 Chapilca\u00a0 en Vicu\u00f1a y El Tangue en Coquimbo donde se desarrollan diversas expresiones art\u00edstico-culturales hasta el 27 de febrero.<\/p>\n","protected":false},"author":2,"featured_media":6792,"comment_status":"open","ping_status":"open","sticky":false,"template":"","format":"standard","meta":{"footnotes":""},"categories":[3],"tags":[],"class_list":["post-6791","post","type-post","status-publish","format-standard","has-post-thumbnail","hentry","category-actualidad"],"_links":{"self":[{"href":"https:\/\/www.radiolimari.cl\/index.php?rest_route=\/wp\/v2\/posts\/6791","targetHints":{"allow":["GET"]}}],"collection":[{"href":"https:\/\/www.radiolimari.cl\/index.php?rest_route=\/wp\/v2\/posts"}],"about":[{"href":"https:\/\/www.radiolimari.cl\/index.php?rest_route=\/wp\/v2\/types\/post"}],"author":[{"embeddable":true,"href":"https:\/\/www.radiolimari.cl\/index.php?rest_route=\/wp\/v2\/users\/2"}],"replies":[{"embeddable":true,"href":"https:\/\/www.radiolimari.cl\/index.php?rest_route=%2Fwp%2Fv2%2Fcomments&post=6791"}],"version-history":[{"count":1,"href":"https:\/\/www.radiolimari.cl\/index.php?rest_route=\/wp\/v2\/posts\/6791\/revisions"}],"predecessor-version":[{"id":6793,"href":"https:\/\/www.radiolimari.cl\/index.php?rest_route=\/wp\/v2\/posts\/6791\/revisions\/6793"}],"wp:featuredmedia":[{"embeddable":true,"href":"https:\/\/www.radiolimari.cl\/index.php?rest_route=\/wp\/v2\/media\/6792"}],"wp:attachment":[{"href":"https:\/\/www.radiolimari.cl\/index.php?rest_route=%2Fwp%2Fv2%2Fmedia&parent=6791"}],"wp:term":[{"taxonomy":"category","embeddable":true,"href":"https:\/\/www.radiolimari.cl\/index.php?rest_route=%2Fwp%2Fv2%2Fcategories&post=6791"},{"taxonomy":"post_tag","embeddable":true,"href":"https:\/\/www.radiolimari.cl\/index.php?rest_route=%2Fwp%2Fv2%2Ftags&post=6791"}],"curies":[{"name":"wp","href":"https:\/\/api.w.org\/{rel}","templated":true}]}}