{"id":6780,"date":"2022-02-23T15:18:56","date_gmt":"2022-02-23T15:18:56","guid":{"rendered":"http:\/\/www.radiolimari.cl\/?p=6780"},"modified":"2022-02-23T15:18:56","modified_gmt":"2022-02-23T15:18:56","slug":"oscar-hauyon-culmina-primera-temporada-de-su-proyecto-episodico-los-lynces","status":"publish","type":"post","link":"https:\/\/www.radiolimari.cl\/?p=6780","title":{"rendered":"Oscar Hauyon culmina primera temporada de su proyecto epis\u00f3dico \u201cLos Lynces\u201d"},"content":{"rendered":"<p><a href=\"https:\/\/www.radiolimari.cl\/wp-content\/uploads\/2022\/02\/23.2-los-lynces.jpg\"><img fetchpriority=\"high\" decoding=\"async\" class=\"alignnone size-medium wp-image-6781\" src=\"https:\/\/www.radiolimari.cl\/wp-content\/uploads\/2022\/02\/23.2-los-lynces-300x200.jpg\" alt=\"23.2 los lynces\" width=\"300\" height=\"200\" srcset=\"https:\/\/www.radiolimari.cl\/wp-content\/uploads\/2022\/02\/23.2-los-lynces-300x200.jpg 300w, https:\/\/www.radiolimari.cl\/wp-content\/uploads\/2022\/02\/23.2-los-lynces.jpg 1024w\" sizes=\"(max-width: 300px) 100vw, 300px\" \/><\/a><\/p>\n<p><strong>El cantautor regional lanz\u00f3 el video de \u201cNoticiero\u201d, pieza definida como \u201cel \u00faltimo eslab\u00f3n en la cadena narrativa de la serie Los Lynces\u201d construida junto al guitarrista Felipe Marcello y su hermano, el dise\u00f1ador Jorge Hauyon.<\/strong><!--more--><\/p>\n<p>El verano 2022 ha estado lejos de la inactividad musical para Oscar Hauyon. El ovallino avecindado en el Valle de Elqui estren\u00f3, coincidentemente con su cumplea\u00f1os 43, la \u00faltima pieza audiovisual del proyecto musical y narrativo \u201cLos Lynces\u201d.\u00a0 El video \u201cNoticiero\u201d cierra el correlato visual de la primera temporada de esta serie iniciada el 26 de febrero de 2021, y que durante todo el a\u00f1o present\u00f3 cap\u00edtulos musicales cada 50 d\u00edas, completando un total de 7 canciones con sus respectivos videos. \u201cDejamos todo en\u00a0 suspenso hacia la segunda temporada que lanzaremos en 2022\u201d -comenta el tecladista.<\/p>\n<p>El 17 de enero, Oscar Hauyon se present\u00f3 en la sexta versi\u00f3n de la Feria del Libro \u201cGabriela Mistral\u201d de Vicu\u00f1a, con una selecci\u00f3n de canciones que recorri\u00f3 su discograf\u00eda desde Polter hasta la actualidad. A finales del mes estuvo en La Serena y Coquimbo, en la conducci\u00f3n de los espacios \u201cEstudio ARC\u201d y \u201cSonidos desde los Balcones\u201d en el Festival ARC 2022. Y esta semana ya completa 7 episodios de \u201cEl Podcast del Oscar Hauyon\u201d, donde analiza canciones y tendencias musicales.<\/p>\n<p>\u201cOriginalmente tendr\u00edamos varias presentaciones m\u00e1s en febrero, pero el avance del covid-19 y sus variantes han obligado a la reprogramaci\u00f3n o cancelaci\u00f3n de estas fechas. De verdad espero que podamos retornar a la normalidad con los espect\u00e1culos y actividades culturales. Hay artistas y t\u00e9cnicos en todo esto involucrados\u201d -expres\u00f3 Hauyon. \u201cDiversificarse ha sido la t\u00f3nica desde que todo esto empez\u00f3\u201d.<\/p>\n<p>La temporada 1 de \u201cLos Lynces\u201d ya se encuentra disponible de manera \u00edntegra en YouTube, en un video unitario que expone la continuidad y cronolog\u00eda completa de todos los episodios. Los planes musicales de Hauyon para el resto de 2022 incluyen la salida de la segunda temporada y final de \u201cLos Lynces\u201d, la publicaci\u00f3n de una sesi\u00f3n audiovisual en vivo y continuar desarrollando podcasts y talleres.<\/p>\n<p>Oscar Hauyon en VI Feria del Libro de Vicu\u00f1a (Resumen) <a href=\"https:\/\/www.youtube.com\/watch?v=penVHw4_wo4\">https:\/\/www.youtube.com\/watch?v=penVHw4_wo4<\/a><\/p>\n<p>Oscar Hauyon \u2013 \u201cNoticiero\u201d (video nuevo) <a href=\"https:\/\/www.youtube.com\/watch?v=53hLJKG-EeQ\">https:\/\/www.youtube.com\/watch?v=53hLJKG-EeQ<\/a><\/p>\n<p>\u201cEl Podcast de Oscar Hauyon\u201d <a href=\"https:\/\/open.spotify.com\/show\/6Il4O07fWdMKhUSvPaXVeF?si=b6daadba07254ba4\">https:\/\/open.spotify.com\/show\/6Il4O07fWdMKhUSvPaXVeF?si=b6daadba07254ba4<\/a><\/p>\n<p>&nbsp;<\/p>\n<p>&nbsp;<\/p>\n<p>&nbsp;<\/p>\n","protected":false},"excerpt":{"rendered":"<p>El cantautor regional lanz\u00f3 el video de \u201cNoticiero\u201d, pieza definida como \u201cel \u00faltimo eslab\u00f3n en la cadena narrativa de la serie Los Lynces\u201d construida junto al guitarrista Felipe Marcello y su hermano, el dise\u00f1ador Jorge Hauyon.<\/p>\n","protected":false},"author":2,"featured_media":6781,"comment_status":"open","ping_status":"open","sticky":false,"template":"","format":"standard","meta":{"footnotes":""},"categories":[3],"tags":[],"class_list":["post-6780","post","type-post","status-publish","format-standard","has-post-thumbnail","hentry","category-actualidad"],"_links":{"self":[{"href":"https:\/\/www.radiolimari.cl\/index.php?rest_route=\/wp\/v2\/posts\/6780","targetHints":{"allow":["GET"]}}],"collection":[{"href":"https:\/\/www.radiolimari.cl\/index.php?rest_route=\/wp\/v2\/posts"}],"about":[{"href":"https:\/\/www.radiolimari.cl\/index.php?rest_route=\/wp\/v2\/types\/post"}],"author":[{"embeddable":true,"href":"https:\/\/www.radiolimari.cl\/index.php?rest_route=\/wp\/v2\/users\/2"}],"replies":[{"embeddable":true,"href":"https:\/\/www.radiolimari.cl\/index.php?rest_route=%2Fwp%2Fv2%2Fcomments&post=6780"}],"version-history":[{"count":1,"href":"https:\/\/www.radiolimari.cl\/index.php?rest_route=\/wp\/v2\/posts\/6780\/revisions"}],"predecessor-version":[{"id":6782,"href":"https:\/\/www.radiolimari.cl\/index.php?rest_route=\/wp\/v2\/posts\/6780\/revisions\/6782"}],"wp:featuredmedia":[{"embeddable":true,"href":"https:\/\/www.radiolimari.cl\/index.php?rest_route=\/wp\/v2\/media\/6781"}],"wp:attachment":[{"href":"https:\/\/www.radiolimari.cl\/index.php?rest_route=%2Fwp%2Fv2%2Fmedia&parent=6780"}],"wp:term":[{"taxonomy":"category","embeddable":true,"href":"https:\/\/www.radiolimari.cl\/index.php?rest_route=%2Fwp%2Fv2%2Fcategories&post=6780"},{"taxonomy":"post_tag","embeddable":true,"href":"https:\/\/www.radiolimari.cl\/index.php?rest_route=%2Fwp%2Fv2%2Ftags&post=6780"}],"curies":[{"name":"wp","href":"https:\/\/api.w.org\/{rel}","templated":true}]}}