{"id":6761,"date":"2022-02-19T14:41:15","date_gmt":"2022-02-19T14:41:15","guid":{"rendered":"http:\/\/www.radiolimari.cl\/?p=6761"},"modified":"2022-02-19T14:41:15","modified_gmt":"2022-02-19T14:41:15","slug":"servicios-publicos-comienzan-a-recorrer-la-provincia-de-limari","status":"publish","type":"post","link":"https:\/\/www.radiolimari.cl\/?p=6761","title":{"rendered":"Servicios P\u00fablicos comienzan a recorrer la provincia de Limar\u00ed"},"content":{"rendered":"<p><a href=\"https:\/\/www.radiolimari.cl\/wp-content\/uploads\/2022\/02\/18.2-GOBENTERRENO-2.jpeg\"><img fetchpriority=\"high\" decoding=\"async\" class=\"alignnone size-medium wp-image-6762\" src=\"https:\/\/www.radiolimari.cl\/wp-content\/uploads\/2022\/02\/18.2-GOBENTERRENO-2-300x225.jpeg\" alt=\"18.2 GOBENTERRENO (2)\" width=\"300\" height=\"225\" srcset=\"https:\/\/www.radiolimari.cl\/wp-content\/uploads\/2022\/02\/18.2-GOBENTERRENO-2-300x225.jpeg 300w, https:\/\/www.radiolimari.cl\/wp-content\/uploads\/2022\/02\/18.2-GOBENTERRENO-2-1024x768.jpeg 1024w, https:\/\/www.radiolimari.cl\/wp-content\/uploads\/2022\/02\/18.2-GOBENTERRENO-2.jpeg 1600w\" sizes=\"(max-width: 300px) 100vw, 300px\" \/><\/a><\/p>\n<p><strong><em>Programa Gobierno en Terreno encabezado por la DPP Limar\u00ed ha iniciado un nuevo ciclo de actividades, acercando a la ciudadan\u00eda los servicios del estado. <\/em><\/strong><!--more--><\/p>\n<p>Con un despliegue de recursos humanos y t\u00e9cnicos, el equipo de Gobierno en Terreno de la Delegaci\u00f3n Presidencial Provincial de Limar\u00ed, lleg\u00f3 hasta la villa Manuel Lobos en la ciudad de Ovalle con los servicios de Veterinario en Terreno, Asistencia Social, Carabineros, Junaeb y personal de la DPP para realizar tr\u00e1mites, entrega orientaci\u00f3n difundir informaci\u00f3n relevante para la comunidad sobre los beneficios del Gobierno.<\/p>\n<p>\u201cQuiero destacar el gran trabajo realizado por nuestro equipo de la Delegaci\u00f3n. El Programa Gobierno en Terreno es de gran importancia para el servicio, por el v\u00ednculo que se genera con la comunidad y por la importancia que ha tenido, en nuestra gesti\u00f3n como Gobierno, estar con la gente en terreno para resolver inquietudes. En esta jornada pusimos especial \u00e9nfasis en difundir medidas de seguridad p\u00fablica, especialmente en lo relativo a las denuncias formales que son las que permiten establecer las estrategias de trabajo en conjunto a las polic\u00edas\u201d, se\u00f1al\u00f3 el Delegado Presidencial Provincial (S) Mat\u00edas Villalobos.<\/p>\n<p style=\"text-align: center;\"><a href=\"https:\/\/www.radiolimari.cl\/wp-content\/uploads\/2022\/02\/18.2-GOBENTERRENO-1.jpeg\"><img decoding=\"async\" class=\"alignnone size-medium wp-image-6763\" src=\"https:\/\/www.radiolimari.cl\/wp-content\/uploads\/2022\/02\/18.2-GOBENTERRENO-1-300x225.jpeg\" alt=\"18.2 GOBENTERRENO (1)\" width=\"300\" height=\"225\" srcset=\"https:\/\/www.radiolimari.cl\/wp-content\/uploads\/2022\/02\/18.2-GOBENTERRENO-1-300x225.jpeg 300w, https:\/\/www.radiolimari.cl\/wp-content\/uploads\/2022\/02\/18.2-GOBENTERRENO-1-1024x768.jpeg 1024w, https:\/\/www.radiolimari.cl\/wp-content\/uploads\/2022\/02\/18.2-GOBENTERRENO-1.jpeg 1600w\" sizes=\"(max-width: 300px) 100vw, 300px\" \/><\/a><\/p>\n<p>Con cerca de 100 usuarios atendidos en alguno de los m\u00f3dulos instalados en la sede de la Junta de Vecinos Manuel\u00a0 Villalobos, la DPP Limar\u00ed ha comenzado un nuevo ciclo del programa Gobierno en Terreno, con una planificaci\u00f3n anual coordinada con dirigentes sociales y con actividades programadas en todas las comunas de la provincia. Las fechas de los operativos ser\u00e1 debidamente informada a las JJVV as\u00ed como por las redes sociales de la DPP Limar\u00ed.<\/p>\n<p>Esta gesti\u00f3n es muy agradecida por la comunidad \u201cha sido muy positiva esta actividad. Por el coronavirus muchas personas se han mantenido encerradas en la casa y no han podido salir a hacer consultas o tr\u00e1mites y con esto se acercan los servicios a nosotros\u201d, se\u00f1al\u00f3\u00a0 Ivania Garc\u00eda, Presidenta de la JJVV Manuel Lobos de Ovalle.<\/p>\n<p style=\"text-align: center;\"><a href=\"https:\/\/www.radiolimari.cl\/wp-content\/uploads\/2022\/02\/18.2-GOBENTERRENO-3.jpeg\"><img decoding=\"async\" class=\"alignnone size-medium wp-image-6764\" src=\"https:\/\/www.radiolimari.cl\/wp-content\/uploads\/2022\/02\/18.2-GOBENTERRENO-3-300x225.jpeg\" alt=\"18.2 GOBENTERRENO (3)\" width=\"300\" height=\"225\" srcset=\"https:\/\/www.radiolimari.cl\/wp-content\/uploads\/2022\/02\/18.2-GOBENTERRENO-3-300x225.jpeg 300w, https:\/\/www.radiolimari.cl\/wp-content\/uploads\/2022\/02\/18.2-GOBENTERRENO-3-1024x768.jpeg 1024w, https:\/\/www.radiolimari.cl\/wp-content\/uploads\/2022\/02\/18.2-GOBENTERRENO-3.jpeg 1600w\" sizes=\"(max-width: 300px) 100vw, 300px\" \/><\/a><\/p>\n<p>El Programa \u201cGobierno en Terreno\u201d es una herramienta para acercar las necesidades de las personas de nuestro territorio a los Servicios P\u00fablicos del Estado. De la misma manera, quiere instalarse como una instancia de participaci\u00f3n ciudadana, donde sea posible comunicar a las personas las distintas medidas que est\u00e1 aplicando el Gobierno, y tambi\u00e9n realizar consultas que sirvan para realizar el levantamiento de necesidades que existen en las comunidades.<\/p>\n","protected":false},"excerpt":{"rendered":"<p>Programa Gobierno en Terreno encabezado por la DPP Limar\u00ed ha iniciado un nuevo ciclo de actividades, acercando a la ciudadan\u00eda los servicios del estado.<\/p>\n","protected":false},"author":2,"featured_media":6762,"comment_status":"open","ping_status":"open","sticky":false,"template":"","format":"standard","meta":{"footnotes":""},"categories":[5],"tags":[],"class_list":["post-6761","post","type-post","status-publish","format-standard","has-post-thumbnail","hentry","category-actualidad-limarina"],"_links":{"self":[{"href":"https:\/\/www.radiolimari.cl\/index.php?rest_route=\/wp\/v2\/posts\/6761","targetHints":{"allow":["GET"]}}],"collection":[{"href":"https:\/\/www.radiolimari.cl\/index.php?rest_route=\/wp\/v2\/posts"}],"about":[{"href":"https:\/\/www.radiolimari.cl\/index.php?rest_route=\/wp\/v2\/types\/post"}],"author":[{"embeddable":true,"href":"https:\/\/www.radiolimari.cl\/index.php?rest_route=\/wp\/v2\/users\/2"}],"replies":[{"embeddable":true,"href":"https:\/\/www.radiolimari.cl\/index.php?rest_route=%2Fwp%2Fv2%2Fcomments&post=6761"}],"version-history":[{"count":1,"href":"https:\/\/www.radiolimari.cl\/index.php?rest_route=\/wp\/v2\/posts\/6761\/revisions"}],"predecessor-version":[{"id":6765,"href":"https:\/\/www.radiolimari.cl\/index.php?rest_route=\/wp\/v2\/posts\/6761\/revisions\/6765"}],"wp:featuredmedia":[{"embeddable":true,"href":"https:\/\/www.radiolimari.cl\/index.php?rest_route=\/wp\/v2\/media\/6762"}],"wp:attachment":[{"href":"https:\/\/www.radiolimari.cl\/index.php?rest_route=%2Fwp%2Fv2%2Fmedia&parent=6761"}],"wp:term":[{"taxonomy":"category","embeddable":true,"href":"https:\/\/www.radiolimari.cl\/index.php?rest_route=%2Fwp%2Fv2%2Fcategories&post=6761"},{"taxonomy":"post_tag","embeddable":true,"href":"https:\/\/www.radiolimari.cl\/index.php?rest_route=%2Fwp%2Fv2%2Ftags&post=6761"}],"curies":[{"name":"wp","href":"https:\/\/api.w.org\/{rel}","templated":true}]}}