{"id":6756,"date":"2022-02-17T20:31:55","date_gmt":"2022-02-17T20:31:55","guid":{"rendered":"http:\/\/www.radiolimari.cl\/?p=6756"},"modified":"2022-02-17T20:32:06","modified_gmt":"2022-02-17T20:32:06","slug":"expo-turismo-en-open-plaza-ovalle-busca-potenciar-el-mercado-local","status":"publish","type":"post","link":"https:\/\/www.radiolimari.cl\/?p=6756","title":{"rendered":"Expo Turismo en Open Plaza Ovalle busca potenciar el mercado local"},"content":{"rendered":"<p><a href=\"https:\/\/www.radiolimari.cl\/wp-content\/uploads\/2022\/02\/open-plaza-ovalle1.jpg\"><img fetchpriority=\"high\" decoding=\"async\" class=\"alignnone size-medium wp-image-6757\" src=\"https:\/\/www.radiolimari.cl\/wp-content\/uploads\/2022\/02\/open-plaza-ovalle1-300x168.jpg\" alt=\"open plaza ovalle\" width=\"300\" height=\"168\" srcset=\"https:\/\/www.radiolimari.cl\/wp-content\/uploads\/2022\/02\/open-plaza-ovalle1-300x168.jpg 300w, https:\/\/www.radiolimari.cl\/wp-content\/uploads\/2022\/02\/open-plaza-ovalle1.jpg 1023w\" sizes=\"(max-width: 300px) 100vw, 300px\" \/><\/a><\/p>\n<p><strong>La iniciativa se realizar\u00e1 en alianza con el Servicio Nacional de Turismo (Sernatur) del 18 al 25 de febrero y tiene como objetivo principal poder visibilizar tanto a emprendedores como artistas locales en una exposici\u00f3n que est\u00e1 disponible durante todo este mes de\u00a0 febrero.\u00a0 <\/strong><!--more--><\/p>\n<p>Despu\u00e9s de dos a\u00f1os de encierro y restricciones, el turismo a lo largo de Chile est\u00e1 empezando a retomar. Es por esto que Open Plaza Ovalle busca impulsar el comercio local con esta exposici\u00f3n que tendr\u00e1 lugar en los pasillos CC durante todo el mes de febrero desde las 11:00 hasta las 19:00 hrs.<\/p>\n<p>Esta instancia contar\u00e1 con la presencia de emprendedores que tendr\u00e1n productos como:<\/p>\n<p>&#8211;\u00a0\u00a0\u00a0\u00a0\u00a0\u00a0 Vinos<\/p>\n<p>&#8211;\u00a0\u00a0\u00a0\u00a0\u00a0\u00a0 Mermeladas<\/p>\n<p>&#8211;\u00a0\u00a0\u00a0\u00a0\u00a0\u00a0 Joyer\u00edas<\/p>\n<p>&#8211;\u00a0\u00a0\u00a0\u00a0\u00a0\u00a0 Pisco<\/p>\n<p>&#8211;\u00a0\u00a0\u00a0\u00a0\u00a0\u00a0 Frutas deshidratadas con energ\u00eda solar<\/p>\n<p>&#8211;\u00a0\u00a0\u00a0\u00a0\u00a0\u00a0 Tour operadores<\/p>\n<p>&nbsp;<\/p>\n<p>Esta exposici\u00f3n contar\u00e1 con stands informativos, y presencia de grupos y artesanos locales mostrando los atributos de cada localidad, entre Ovalle, Monte Patria, Combarbal\u00e1, Punitaqui y R\u00edo Hurtado.<\/p>\n<p>Adem\u00e1s de la presencia de estos emprendedores, durante toda la jornada de los d\u00edas 18, 19, 20, 21, 22, 23, 24 y 25 de febrero, la municipalidad de R\u00edo Hurtado llevar\u00e1 una galer\u00eda de fotograf\u00edas para exhibir.<\/p>\n<p>Para potenciar este evento, se contar\u00e1 tambi\u00e9n con agrupaciones de danza folcl\u00f3rica todos los d\u00edas entre las 17:00 y las 18:00 horas.<\/p>\n<p>Open Plaza quiso ofrecer estos espacios para darle visibilidad al mercado regional y potenciar el turismo en la zona. Esto puede ser beneficioso para una gran cantidad de emprendedores y familias que quedaron inactivos durante m\u00e1s de dos a\u00f1os por la pandemia del Covid-19.<\/p>\n","protected":false},"excerpt":{"rendered":"<p>La iniciativa se realizar\u00e1 en alianza con el Servicio Nacional de Turismo (Sernatur) del 18 al 25 de febrero y tiene como objetivo principal poder visibilizar tanto a emprendedores como artistas locales en una exposici\u00f3n que est\u00e1 disponible durante todo este mes de\u00a0 febrero.\u00a0<\/p>\n","protected":false},"author":2,"featured_media":6758,"comment_status":"open","ping_status":"open","sticky":false,"template":"","format":"standard","meta":{"footnotes":""},"categories":[5],"tags":[],"class_list":["post-6756","post","type-post","status-publish","format-standard","has-post-thumbnail","hentry","category-actualidad-limarina"],"_links":{"self":[{"href":"https:\/\/www.radiolimari.cl\/index.php?rest_route=\/wp\/v2\/posts\/6756","targetHints":{"allow":["GET"]}}],"collection":[{"href":"https:\/\/www.radiolimari.cl\/index.php?rest_route=\/wp\/v2\/posts"}],"about":[{"href":"https:\/\/www.radiolimari.cl\/index.php?rest_route=\/wp\/v2\/types\/post"}],"author":[{"embeddable":true,"href":"https:\/\/www.radiolimari.cl\/index.php?rest_route=\/wp\/v2\/users\/2"}],"replies":[{"embeddable":true,"href":"https:\/\/www.radiolimari.cl\/index.php?rest_route=%2Fwp%2Fv2%2Fcomments&post=6756"}],"version-history":[{"count":2,"href":"https:\/\/www.radiolimari.cl\/index.php?rest_route=\/wp\/v2\/posts\/6756\/revisions"}],"predecessor-version":[{"id":6760,"href":"https:\/\/www.radiolimari.cl\/index.php?rest_route=\/wp\/v2\/posts\/6756\/revisions\/6760"}],"wp:featuredmedia":[{"embeddable":true,"href":"https:\/\/www.radiolimari.cl\/index.php?rest_route=\/wp\/v2\/media\/6758"}],"wp:attachment":[{"href":"https:\/\/www.radiolimari.cl\/index.php?rest_route=%2Fwp%2Fv2%2Fmedia&parent=6756"}],"wp:term":[{"taxonomy":"category","embeddable":true,"href":"https:\/\/www.radiolimari.cl\/index.php?rest_route=%2Fwp%2Fv2%2Fcategories&post=6756"},{"taxonomy":"post_tag","embeddable":true,"href":"https:\/\/www.radiolimari.cl\/index.php?rest_route=%2Fwp%2Fv2%2Ftags&post=6756"}],"curies":[{"name":"wp","href":"https:\/\/api.w.org\/{rel}","templated":true}]}}