{"id":6753,"date":"2022-02-16T16:14:06","date_gmt":"2022-02-16T16:14:06","guid":{"rendered":"http:\/\/www.radiolimari.cl\/?p=6753"},"modified":"2022-02-16T16:14:34","modified_gmt":"2022-02-16T16:14:34","slug":"este-viernes-concluye-programa-vacaciones-en-mi-jardin-verano-2022","status":"publish","type":"post","link":"https:\/\/www.radiolimari.cl\/?p=6753","title":{"rendered":"Este viernes concluye programa Vacaciones en mi jard\u00edn verano 2022"},"content":{"rendered":"<p><a href=\"https:\/\/www.radiolimari.cl\/wp-content\/uploads\/2022\/02\/16.2-integra.jpeg\"><img fetchpriority=\"high\" decoding=\"async\" class=\"alignnone size-medium wp-image-6754\" src=\"https:\/\/www.radiolimari.cl\/wp-content\/uploads\/2022\/02\/16.2-integra-300x225.jpeg\" alt=\"16.2 integra\" width=\"300\" height=\"225\" srcset=\"https:\/\/www.radiolimari.cl\/wp-content\/uploads\/2022\/02\/16.2-integra-300x225.jpeg 300w, https:\/\/www.radiolimari.cl\/wp-content\/uploads\/2022\/02\/16.2-integra-1024x768.jpeg 1024w, https:\/\/www.radiolimari.cl\/wp-content\/uploads\/2022\/02\/16.2-integra.jpeg 1280w\" sizes=\"(max-width: 300px) 100vw, 300px\" \/><\/a><\/p>\n<p><b style=\"color: #222222;\">230 ni\u00f1os y ni\u00f1as participaron en la iniciativa de Fundaci\u00f3n Integra, que dispuso de 5 jardines infantiles para hijos e hijas de familias trabajadoras.<\/b><\/p>\n<p><!--more--><\/p>\n<p style=\"font-weight: 400;\">Este viernes 18 de febrero concluir\u00e1 el programa Vacaciones en mi jard\u00edn de Fundaci\u00f3n Integra, el que desde el 12 de enero otorg\u00f3 cuidado y entretenci\u00f3n a 230 ni\u00f1os y ni\u00f1as en 5 jardines infantiles que continuaron atendiendo de lunes a viernes entre las 8:30 y las 19:00 horas, en las comunas de Ovalle,\u00a0 La Serena y Coquimbo.<\/p>\n<p style=\"font-weight: 400;\">\u201cEsta semana estamos muy contentos dando t\u00e9rmino al periodo Vacaciones en mi jard\u00edn. Ha sido un programa muy exitoso, que termina el viernes 18 de febrero y podemos decir con mucha satisfacci\u00f3n que los m\u00e1s de 200 ni\u00f1os participantes en los 5 jardines infantiles disfrutaron con los juegos y actividades recreativas que prepararon los equipos para entretenerlos. Agradecemos tambi\u00e9n a las familias que confiaron en nosotros y que pudieron continuar con su trabajo durante el verano\u201d, manifest\u00f3 la Directora Regional de Fundaci\u00f3n Integra, Javiera Adaro.<\/p>\n<p style=\"font-weight: 400;\">El objetivo del programa fue entregar alternativas de diversi\u00f3n, protecci\u00f3n y espacios l\u00fadicos a los hijos de familias que trabajan durante la temporada, y en este contexto en los establecimientos estuvieron presentes agrupaciones de t\u00edteres, cuentacuentos, mimos, shows de magia, corp\u00f3reos y marionetas, entre otras.<\/p>\n<p style=\"font-weight: 400;\">Loreto Bugue\u00f1o, directora del jard\u00edn infantil de verano Alberto Hurtado, de Coquimbo, se\u00f1ala que \u201cnuestro resumen de este Vacaciones en mi jard\u00edn se define con las palabras alegr\u00eda y juego, porque se vio el disfrute de los ni\u00f1os, que estuvieron felices y contentos desde el momento de llegar hasta retirarse. La idea era crear un ambiente distinto, que sintieran que las vacaciones s\u00ed estaban en su jard\u00edn, entrar al aula y disfrutar los momentos. Para las familias tambi\u00e9n fue un apoyo y lo dicen todos los d\u00edas agradeciendo la atenci\u00f3n y la diversi\u00f3n de sus hijos\u201d.<\/p>\n<p style=\"font-weight: 400;\">As\u00ed tambi\u00e9n lo manifiesta el apoderado Diego \u00c1ngel, pap\u00e1 de Gerald \u00c1ngel del jard\u00edn infantil Limar\u00ed, de Ovalle, quien sostiene que \u201cha sido de much\u00edsima ayuda porque la verdad no sab\u00edamos qu\u00e9 \u00edbamos a hacer si el ni\u00f1o sal\u00eda de vacaciones y nos han apoyado much\u00edsimo, podemos seguir trabajando normalmente. A nosotros nos gusta estar con el ni\u00f1o en la casa, pero las t\u00edas nos han mandado muchas fotos con actividades s\u00faper bonitas, entonces a veces yo le digo a mi pareja que para qu\u00e9 lo vamos a ir a buscar tan temprano si est\u00e1 disfrutando tanto y en la casa no tenemos tantas herramientas. Entonces nos ha parecido bien porque el ni\u00f1o entra y sale con una muy buena actitud, estamos muy agradecidos\u201d, indic\u00f3.<\/p>\n<p style=\"font-weight: 400;\">Cabe mencionar que luego del t\u00e9rmino de Vacaciones en mi jard\u00edn, los 63 jardines infantiles de Fundaci\u00f3n Integra en la Regi\u00f3n de Coquimbo se preparan para dar comienzo al a\u00f1o parvulario 2022, con el ingreso de los ni\u00f1os y ni\u00f1as a sus actividades el mi\u00e9rcoles 2 de marzo.<\/p>\n","protected":false},"excerpt":{"rendered":"<p>230 ni\u00f1os y ni\u00f1as participaron en la iniciativa de Fundaci\u00f3n Integra, que dispuso de 5 jardines infantiles para hijos e hijas de familias trabajadoras.<\/p>\n","protected":false},"author":2,"featured_media":6754,"comment_status":"open","ping_status":"open","sticky":false,"template":"","format":"standard","meta":{"footnotes":""},"categories":[3],"tags":[],"class_list":["post-6753","post","type-post","status-publish","format-standard","has-post-thumbnail","hentry","category-actualidad"],"_links":{"self":[{"href":"https:\/\/www.radiolimari.cl\/index.php?rest_route=\/wp\/v2\/posts\/6753","targetHints":{"allow":["GET"]}}],"collection":[{"href":"https:\/\/www.radiolimari.cl\/index.php?rest_route=\/wp\/v2\/posts"}],"about":[{"href":"https:\/\/www.radiolimari.cl\/index.php?rest_route=\/wp\/v2\/types\/post"}],"author":[{"embeddable":true,"href":"https:\/\/www.radiolimari.cl\/index.php?rest_route=\/wp\/v2\/users\/2"}],"replies":[{"embeddable":true,"href":"https:\/\/www.radiolimari.cl\/index.php?rest_route=%2Fwp%2Fv2%2Fcomments&post=6753"}],"version-history":[{"count":1,"href":"https:\/\/www.radiolimari.cl\/index.php?rest_route=\/wp\/v2\/posts\/6753\/revisions"}],"predecessor-version":[{"id":6755,"href":"https:\/\/www.radiolimari.cl\/index.php?rest_route=\/wp\/v2\/posts\/6753\/revisions\/6755"}],"wp:featuredmedia":[{"embeddable":true,"href":"https:\/\/www.radiolimari.cl\/index.php?rest_route=\/wp\/v2\/media\/6754"}],"wp:attachment":[{"href":"https:\/\/www.radiolimari.cl\/index.php?rest_route=%2Fwp%2Fv2%2Fmedia&parent=6753"}],"wp:term":[{"taxonomy":"category","embeddable":true,"href":"https:\/\/www.radiolimari.cl\/index.php?rest_route=%2Fwp%2Fv2%2Fcategories&post=6753"},{"taxonomy":"post_tag","embeddable":true,"href":"https:\/\/www.radiolimari.cl\/index.php?rest_route=%2Fwp%2Fv2%2Ftags&post=6753"}],"curies":[{"name":"wp","href":"https:\/\/api.w.org\/{rel}","templated":true}]}}