{"id":6750,"date":"2022-02-16T16:02:04","date_gmt":"2022-02-16T16:02:04","guid":{"rendered":"http:\/\/www.radiolimari.cl\/?p=6750"},"modified":"2022-02-16T16:02:04","modified_gmt":"2022-02-16T16:02:04","slug":"cantautor-ovallino-pedro-garcia-presenta-su-primer-ep-poesia-aural","status":"publish","type":"post","link":"https:\/\/www.radiolimari.cl\/?p=6750","title":{"rendered":"Cantautor ovallino Pedro Garc\u00eda presenta su primer EP \u201cPoes\u00eda Aural\u201d"},"content":{"rendered":"<p><a href=\"https:\/\/www.radiolimari.cl\/wp-content\/uploads\/2022\/02\/16.2-WhatsApp-Image-2022-02-15-at-16.07.23.jpeg\"><img decoding=\"async\" class=\"alignnone size-medium wp-image-6751\" src=\"https:\/\/www.radiolimari.cl\/wp-content\/uploads\/2022\/02\/16.2-WhatsApp-Image-2022-02-15-at-16.07.23-300x157.jpeg\" alt=\"16.2 WhatsApp Image 2022-02-15 at 16.07.23\" width=\"300\" height=\"157\" srcset=\"https:\/\/www.radiolimari.cl\/wp-content\/uploads\/2022\/02\/16.2-WhatsApp-Image-2022-02-15-at-16.07.23-300x157.jpeg 300w, https:\/\/www.radiolimari.cl\/wp-content\/uploads\/2022\/02\/16.2-WhatsApp-Image-2022-02-15-at-16.07.23-1024x538.jpeg 1024w, https:\/\/www.radiolimari.cl\/wp-content\/uploads\/2022\/02\/16.2-WhatsApp-Image-2022-02-15-at-16.07.23.jpeg 1080w\" sizes=\"(max-width: 300px) 100vw, 300px\" \/><\/a><\/p>\n<p><strong>Esta primera producci\u00f3n, completamente ac\u00fastica, ya est\u00e1 disponible en Spotify, Amazon y Apple Music, entre otras distribuidoras digitales.<\/strong><!--more--><\/p>\n<p>La historia de Pedro Garc\u00eda Meneses se ha escrito con resiliencia y constancia en la escena musical del Limar\u00ed. Profesor y con un gran amor por la m\u00fasica, ha transmitido este amor a sus estudiantes. Desde esta premisa, este cantautor ha trabajado sus creaciones en base al ejercicio de la improvisaci\u00f3n. Es por esto que sus canciones tienen un esquema quiz\u00e1 diferente al canon normal del pop o el rock, con letras que nacen desde la experiencia cotidiana.<\/p>\n<p>Sus primeros pasos en la m\u00fasica surgen con una guitarra obsequiada por su padre a la edad de 15 a\u00f1os. Ah\u00ed comprende que toda la poes\u00eda que hab\u00eda escrito hab\u00eda llegado la hora de hacerlas canciones. La fusi\u00f3n del pop el funk, el blues y el folclor son sus principales influencias en la m\u00fasica.<\/p>\n<p>En Ovalle particip\u00f3 de la agrupaci\u00f3n de folklore latinoamericano Sangre Morena entre los a\u00f1os 2002 y 2004. \u201cRecuerdo con mucho cari\u00f1o que ah\u00ed tocaba las percusiones latinas\u201d, comenta. En 2005, Pedro formar\u00e1 la Jeison Gamboa, banda contestaria y pol\u00edtica junto a Edwin Mu\u00f1oz en bater\u00eda,\u00a0 Patricio Alfaro en el bajo y \u00e9l en guitarra y voz. Con esta agrupaci\u00f3n se presentaron en toda movida pol\u00edtica que hab\u00eda en Ovalle y en Monte Patria. \u201cSomos la Jeison Gamboa\u2026no se olviden de nosotros\u201d dec\u00edan al un\u00edsono \u00a0al terminar cada presentaci\u00f3n, de esa experiencia surge la canci\u00f3n \u201cCaravana de la muerte\u201d en abierto repudio al general Sergio Arellano Stark.<\/p>\n<p>Desde el a\u00f1o 2010 comienza a trabajar en solitario present\u00e1ndose en la regi\u00f3n en cada acto social al que lo llamaban a participar. A la fecha su prontuario art\u00edstico est\u00e1 coronado por variadas experiencias presenciales y online. se ha presentado en NanoSesiones, el festival internacional de Blues de Paraguay, Ovalle cultura Play y el segundo festival online de Limar\u00ed Rock en 2020.<\/p>\n<p>En su rol de como profesor de Educaci\u00f3n B\u00e1sica ha buscado despertar en sus estudiantes el amor por la m\u00fasica como medio de expresi\u00f3n a trav\u00e9s de la improvisaci\u00f3n \u201ces lo que intento transmitir a mis estudiantes en cada clase y taller que realizo. La flexibilidad cognitiva, memoria de trabajo y la inhibici\u00f3n cognitiva son funciones ejecutivas que se trabajan y desarrollan gracias a la m\u00fasica, de esta manera intento transmitir el amor por la m\u00fasica con cada uno de mis estudiantes\u201d.<\/p>\n<p>\u201cPoes\u00eda Aural\u201d fue lanzado el 15 de febrero de 2022. Es una recopilaci\u00f3n de diferentes presentaciones en vivo realizadas en distintas instancias. Al respecto, el autor ovallino expresa: \u201cPoes\u00eda Aural es mi puerta de salida, mi escape a la opresi\u00f3n en el pecho que provoca la violencia pol\u00edtica, el desamor y las traiciones.<\/p>\n<p>Este disco surge de la certeza de que soy un ser aural, que necesito la vibraci\u00f3n sonora para resurgir. Este disco, es un acto urgente de sanaci\u00f3n del dolor a trav\u00e9s el ritmo de mi coraz\u00f3n sonando hacia el exterior\u201d.<\/p>\n<p><a href=\"https:\/\/open.spotify.com\/album\/2o6PV5wefWHiZnCq9Oy72l?si=V8jlPhl1SvGeX__za1RyXg\">https:\/\/open.spotify.com\/album\/2o6PV5wefWHiZnCq9Oy72l?si=V8jlPhl1SvGeX__za1RyXg<\/a><\/p>\n<p>&nbsp;<\/p>\n","protected":false},"excerpt":{"rendered":"<p>Esta primera producci\u00f3n, completamente ac\u00fastica, ya est\u00e1 disponible en Spotify, Amazon y Apple Music, entre otras distribuidoras digitales.<\/p>\n","protected":false},"author":2,"featured_media":6751,"comment_status":"open","ping_status":"open","sticky":false,"template":"","format":"standard","meta":{"footnotes":""},"categories":[5],"tags":[],"class_list":["post-6750","post","type-post","status-publish","format-standard","has-post-thumbnail","hentry","category-actualidad-limarina"],"_links":{"self":[{"href":"https:\/\/www.radiolimari.cl\/index.php?rest_route=\/wp\/v2\/posts\/6750","targetHints":{"allow":["GET"]}}],"collection":[{"href":"https:\/\/www.radiolimari.cl\/index.php?rest_route=\/wp\/v2\/posts"}],"about":[{"href":"https:\/\/www.radiolimari.cl\/index.php?rest_route=\/wp\/v2\/types\/post"}],"author":[{"embeddable":true,"href":"https:\/\/www.radiolimari.cl\/index.php?rest_route=\/wp\/v2\/users\/2"}],"replies":[{"embeddable":true,"href":"https:\/\/www.radiolimari.cl\/index.php?rest_route=%2Fwp%2Fv2%2Fcomments&post=6750"}],"version-history":[{"count":1,"href":"https:\/\/www.radiolimari.cl\/index.php?rest_route=\/wp\/v2\/posts\/6750\/revisions"}],"predecessor-version":[{"id":6752,"href":"https:\/\/www.radiolimari.cl\/index.php?rest_route=\/wp\/v2\/posts\/6750\/revisions\/6752"}],"wp:featuredmedia":[{"embeddable":true,"href":"https:\/\/www.radiolimari.cl\/index.php?rest_route=\/wp\/v2\/media\/6751"}],"wp:attachment":[{"href":"https:\/\/www.radiolimari.cl\/index.php?rest_route=%2Fwp%2Fv2%2Fmedia&parent=6750"}],"wp:term":[{"taxonomy":"category","embeddable":true,"href":"https:\/\/www.radiolimari.cl\/index.php?rest_route=%2Fwp%2Fv2%2Fcategories&post=6750"},{"taxonomy":"post_tag","embeddable":true,"href":"https:\/\/www.radiolimari.cl\/index.php?rest_route=%2Fwp%2Fv2%2Ftags&post=6750"}],"curies":[{"name":"wp","href":"https:\/\/api.w.org\/{rel}","templated":true}]}}