{"id":6744,"date":"2022-02-16T15:39:31","date_gmt":"2022-02-16T15:39:31","guid":{"rendered":"http:\/\/www.radiolimari.cl\/?p=6744"},"modified":"2022-02-16T15:39:31","modified_gmt":"2022-02-16T15:39:31","slug":"fosis-entrego-capacitacion-y-financiamiento-a-mas-de-70-emprendedores-limarinos-que-participaron-en-el-programa-yo-emprendo-semilla","status":"publish","type":"post","link":"https:\/\/www.radiolimari.cl\/?p=6744","title":{"rendered":"Fosis entreg\u00f3 Capacitaci\u00f3n y Financiamiento a m\u00e1s de 70 emprendedores limarinos que participaron en el  programa \u201cYo Emprendo Semilla\u201d"},"content":{"rendered":"<p><a href=\"https:\/\/www.radiolimari.cl\/wp-content\/uploads\/2022\/02\/16.2-fosis-YES-Limar\u00ed-2.jpeg\"><img fetchpriority=\"high\" decoding=\"async\" class=\"alignnone size-medium wp-image-6745\" src=\"https:\/\/www.radiolimari.cl\/wp-content\/uploads\/2022\/02\/16.2-fosis-YES-Limar\u00ed-2-300x225.jpeg\" alt=\"16.2 fosis YES Limar\u00ed 2\" width=\"300\" height=\"225\" srcset=\"https:\/\/www.radiolimari.cl\/wp-content\/uploads\/2022\/02\/16.2-fosis-YES-Limar\u00ed-2-300x225.jpeg 300w, https:\/\/www.radiolimari.cl\/wp-content\/uploads\/2022\/02\/16.2-fosis-YES-Limar\u00ed-2-1024x768.jpeg 1024w, https:\/\/www.radiolimari.cl\/wp-content\/uploads\/2022\/02\/16.2-fosis-YES-Limar\u00ed-2.jpeg 1408w\" sizes=\"(max-width: 300px) 100vw, 300px\" \/><\/a><\/p>\n<p><strong><em>La iniciativa busca potenciar las competencias laborales de las personas y entregar herramientas para fomentar el trabajo independiente o autoempleo.<\/em><\/strong><!--more--><\/p>\n<p>Un total de 72 emprendedores de la provincia de Limar\u00ed finalizaron con \u00e9xito su participaci\u00f3n en el programa \u201cYo Emprendo Semilla\u201d del Fondo de Solidaridad e Inversi\u00f3n Social, FOSIS. La iniciativa- que se llev\u00f3 a cabo en 5 comunas de dicha provincia- tiene como objetivo entregar herramientas que permitan contribuir al aumento de ingresos a trav\u00e9s de un trabajo independiente (autoempleo), y a su vez potenciar las competencias laborales de las personas en situaci\u00f3n de pobreza o vulnerabilidad.<\/p>\n<p>Al respecto, la directora Regional del FOSIS, Loreto Molina, valor\u00f3 la importancia de entregar este tipo de herramientas a los emprendedores y destac\u00f3 que \u201cestamos felices de poder entregar esta ayuda a los y las emprendedoras de Limar\u00ed. En total fueron 72 beneficiarios quienes a pesar de la emergencia sanitaria continuaron participando del programa, se capacitaron, recibieron asistencia t\u00e9cnica y tambi\u00e9n pudieron acceder al financiamiento de su idea de negocio o negocio\u201d.<\/p>\n<p>Una de las participantes de este programa fue Mar\u00eda Olivares de Monte Patria, quien cuenta con un emprendimiento denominado \u201cRecuerdo en suculentas y amigurumis\u201d. \u201cEstoy muy feliz, con este proyecto aprend\u00ed muchas cosas, entre ellas a valorar mi emprendimiento, a separar los dineros, a buscar m\u00e1s clientela en redes sociales. Tuve excelentes profesores que nos guiaron y ayudaron que nuestro emprendimiento siga surgiendo. Espero m\u00e1s adelante poder seguir participando de alg\u00fan proyecto Fosis\u201d, expres\u00f3.<\/p>\n<p>Por su parte, Marcelo Telias, Seremi de Desarrollo Social y Familia destac\u00f3 que \u201ces importante para nosotros como Gobierno apoyar a las personas que tienen ganas de emprender. A trav\u00e9s del FOSIS hemos apoyado a muchas personas a iniciar negocios para que estos se transformen en una fuente importante de ingresos para la familia y hoy estas m\u00e1s de 70 personas son un claro ejemplo de aquello\u201d.<\/p>\n<p>Cabe destacar que la iniciativa tuvo una inversi\u00f3n cercana a los $63 millones y se llev\u00f3 a cabo en las comunas de Ovalle, Combarbal\u00e1, Monte Patria, R\u00edo Hurtado y Punitaqui.<\/p>\n","protected":false},"excerpt":{"rendered":"<p>La iniciativa busca potenciar las competencias laborales de las personas y entregar herramientas para fomentar el trabajo independiente o autoempleo.<\/p>\n","protected":false},"author":2,"featured_media":6745,"comment_status":"open","ping_status":"open","sticky":false,"template":"","format":"standard","meta":{"footnotes":""},"categories":[6],"tags":[],"class_list":["post-6744","post","type-post","status-publish","format-standard","has-post-thumbnail","hentry","category-regionales"],"_links":{"self":[{"href":"https:\/\/www.radiolimari.cl\/index.php?rest_route=\/wp\/v2\/posts\/6744","targetHints":{"allow":["GET"]}}],"collection":[{"href":"https:\/\/www.radiolimari.cl\/index.php?rest_route=\/wp\/v2\/posts"}],"about":[{"href":"https:\/\/www.radiolimari.cl\/index.php?rest_route=\/wp\/v2\/types\/post"}],"author":[{"embeddable":true,"href":"https:\/\/www.radiolimari.cl\/index.php?rest_route=\/wp\/v2\/users\/2"}],"replies":[{"embeddable":true,"href":"https:\/\/www.radiolimari.cl\/index.php?rest_route=%2Fwp%2Fv2%2Fcomments&post=6744"}],"version-history":[{"count":1,"href":"https:\/\/www.radiolimari.cl\/index.php?rest_route=\/wp\/v2\/posts\/6744\/revisions"}],"predecessor-version":[{"id":6746,"href":"https:\/\/www.radiolimari.cl\/index.php?rest_route=\/wp\/v2\/posts\/6744\/revisions\/6746"}],"wp:featuredmedia":[{"embeddable":true,"href":"https:\/\/www.radiolimari.cl\/index.php?rest_route=\/wp\/v2\/media\/6745"}],"wp:attachment":[{"href":"https:\/\/www.radiolimari.cl\/index.php?rest_route=%2Fwp%2Fv2%2Fmedia&parent=6744"}],"wp:term":[{"taxonomy":"category","embeddable":true,"href":"https:\/\/www.radiolimari.cl\/index.php?rest_route=%2Fwp%2Fv2%2Fcategories&post=6744"},{"taxonomy":"post_tag","embeddable":true,"href":"https:\/\/www.radiolimari.cl\/index.php?rest_route=%2Fwp%2Fv2%2Ftags&post=6744"}],"curies":[{"name":"wp","href":"https:\/\/api.w.org\/{rel}","templated":true}]}}