{"id":6740,"date":"2022-02-16T01:07:05","date_gmt":"2022-02-16T01:07:05","guid":{"rendered":"http:\/\/www.radiolimari.cl\/?p=6740"},"modified":"2022-02-16T01:07:57","modified_gmt":"2022-02-16T01:07:57","slug":"se-declara-alerta-temprana-preventiva-para-la-region-de-coquimbo-por-amenaza-de-incendio-forestal","status":"publish","type":"post","link":"https:\/\/www.radiolimari.cl\/?p=6740","title":{"rendered":"Onemi declara Alerta Temprana Preventiva para la Regi\u00f3n de Coquimbo por amenaza de incendio forestal"},"content":{"rendered":"<p><a href=\"https:\/\/www.radiolimari.cl\/wp-content\/uploads\/2022\/02\/incendio.jpg\"><img fetchpriority=\"high\" decoding=\"async\" class=\"alignnone size-medium wp-image-6741\" src=\"https:\/\/www.radiolimari.cl\/wp-content\/uploads\/2022\/02\/incendio-300x168.jpg\" alt=\"incendio\" width=\"300\" height=\"168\" srcset=\"https:\/\/www.radiolimari.cl\/wp-content\/uploads\/2022\/02\/incendio-300x168.jpg 300w, https:\/\/www.radiolimari.cl\/wp-content\/uploads\/2022\/02\/incendio.jpg 950w\" sizes=\"(max-width: 300px) 100vw, 300px\" \/><\/a><\/p>\n<p>&nbsp;<\/p>\n<p>S<span style=\"color: #666666;\">e pronostica un evento de altas temperaturas en la Regi\u00f3n de Coquimbo durante los d\u00edas 16 y 17 de febrero<\/span><!--more--><\/p>\n<p style=\"color: #666666;\"><strong style=\"font-weight: normal; color: #000000;\">De acuerdo con la an\u00e1lisis t\u00e9cnico realizado por la Secci\u00f3n de An\u00e1lisis y Predicci\u00f3n de Incendios Forestales de la Corporaci\u00f3n Nacional Forestal (CONAF),<\/strong>\u00a0el cual se\u00f1ala que tanto el Aviso Meteorol\u00f3gico CNA A74-1\/2022 emitido por la Direcci\u00f3n Meteorol\u00f3gica de Chile, que pronostica un evento de altas temperaturas en la Regi\u00f3n de Coquimbo durante los d\u00edas 16 y 17 de febrero, como el estado de la vegetaci\u00f3n producto de la escasez h\u00eddrica, se configuran como condiciones favorables para la ocurrencia y propagaci\u00f3n de incendios forestales.<\/p>\n<p style=\"color: #666666;\">En consideraci\u00f3n a estos antecedentes, la Direcci\u00f3n Regional de ONEMI Coquimbo\u00a0<b>declara Alerta Temprana Preventiva<\/b>\u00a0<b>Regional\u00a0<\/b>por amenaza de incendio forestal, vigente a partir de hoy y hasta que las condiciones meteorol\u00f3gicas as\u00ed lo ameriten.<\/p>\n<p style=\"color: #666666;\">La declaraci\u00f3n de esta alerta, se constituye como un estado de reforzamiento de la vigilancia, mediante el monitoreo preciso y riguroso de las condiciones de riesgo y las respectivas vulnerabilidades asociadas a la amenaza, coordinando y activando al Sistema Nacional de Prevenci\u00f3n y Respuesta ante Desastres (SINAPRED) con el fin de actuar oportunamente frente a eventuales situaciones de emergencia.<\/p>\n","protected":false},"excerpt":{"rendered":"<p>&nbsp; Se pronostica un evento de altas temperaturas en la Regi\u00f3n de Coquimbo durante los d\u00edas 16 y 17 de febrero<\/p>\n","protected":false},"author":2,"featured_media":6741,"comment_status":"open","ping_status":"open","sticky":false,"template":"","format":"standard","meta":{"footnotes":""},"categories":[6],"tags":[],"class_list":["post-6740","post","type-post","status-publish","format-standard","has-post-thumbnail","hentry","category-regionales"],"_links":{"self":[{"href":"https:\/\/www.radiolimari.cl\/index.php?rest_route=\/wp\/v2\/posts\/6740","targetHints":{"allow":["GET"]}}],"collection":[{"href":"https:\/\/www.radiolimari.cl\/index.php?rest_route=\/wp\/v2\/posts"}],"about":[{"href":"https:\/\/www.radiolimari.cl\/index.php?rest_route=\/wp\/v2\/types\/post"}],"author":[{"embeddable":true,"href":"https:\/\/www.radiolimari.cl\/index.php?rest_route=\/wp\/v2\/users\/2"}],"replies":[{"embeddable":true,"href":"https:\/\/www.radiolimari.cl\/index.php?rest_route=%2Fwp%2Fv2%2Fcomments&post=6740"}],"version-history":[{"count":2,"href":"https:\/\/www.radiolimari.cl\/index.php?rest_route=\/wp\/v2\/posts\/6740\/revisions"}],"predecessor-version":[{"id":6743,"href":"https:\/\/www.radiolimari.cl\/index.php?rest_route=\/wp\/v2\/posts\/6740\/revisions\/6743"}],"wp:featuredmedia":[{"embeddable":true,"href":"https:\/\/www.radiolimari.cl\/index.php?rest_route=\/wp\/v2\/media\/6741"}],"wp:attachment":[{"href":"https:\/\/www.radiolimari.cl\/index.php?rest_route=%2Fwp%2Fv2%2Fmedia&parent=6740"}],"wp:term":[{"taxonomy":"category","embeddable":true,"href":"https:\/\/www.radiolimari.cl\/index.php?rest_route=%2Fwp%2Fv2%2Fcategories&post=6740"},{"taxonomy":"post_tag","embeddable":true,"href":"https:\/\/www.radiolimari.cl\/index.php?rest_route=%2Fwp%2Fv2%2Ftags&post=6740"}],"curies":[{"name":"wp","href":"https:\/\/api.w.org\/{rel}","templated":true}]}}