{"id":6737,"date":"2022-02-16T00:57:07","date_gmt":"2022-02-16T00:57:07","guid":{"rendered":"http:\/\/www.radiolimari.cl\/?p=6737"},"modified":"2022-02-16T00:57:07","modified_gmt":"2022-02-16T00:57:07","slug":"seremi-de-educacion-recibio-a-alcaldesa-de-rio-hurtado-quien-le-dio-a-conocer-problemas-con-el-agua-y-contagios-por-retorno-a-clases","status":"publish","type":"post","link":"https:\/\/www.radiolimari.cl\/?p=6737","title":{"rendered":"Seremi de Educaci\u00f3n recibi\u00f3 a Alcaldesa de R\u00edo Hurtado quien le dio a conocer problemas con el agua y contagios por retorno a clases"},"content":{"rendered":"<p><a href=\"https:\/\/www.radiolimari.cl\/wp-content\/uploads\/2022\/02\/15.2-Reuni\u00f3n-alcaldesa-R\u00edo-Hurtado-seremi-de-Educaci\u00f3n.png\"><img decoding=\"async\" class=\"alignnone size-medium wp-image-6738\" src=\"https:\/\/www.radiolimari.cl\/wp-content\/uploads\/2022\/02\/15.2-Reuni\u00f3n-alcaldesa-R\u00edo-Hurtado-seremi-de-Educaci\u00f3n-300x163.png\" alt=\"15.2 Reuni\u00f3n alcaldesa R\u00edo Hurtado seremi de Educaci\u00f3n\" width=\"300\" height=\"163\" srcset=\"https:\/\/www.radiolimari.cl\/wp-content\/uploads\/2022\/02\/15.2-Reuni\u00f3n-alcaldesa-R\u00edo-Hurtado-seremi-de-Educaci\u00f3n-300x163.png 300w, https:\/\/www.radiolimari.cl\/wp-content\/uploads\/2022\/02\/15.2-Reuni\u00f3n-alcaldesa-R\u00edo-Hurtado-seremi-de-Educaci\u00f3n-1024x558.png 1024w, https:\/\/www.radiolimari.cl\/wp-content\/uploads\/2022\/02\/15.2-Reuni\u00f3n-alcaldesa-R\u00edo-Hurtado-seremi-de-Educaci\u00f3n.png 1569w\" sizes=\"(max-width: 300px) 100vw, 300px\" \/><\/a><\/p>\n<p>La alcaldesa Olivares sostuvo que la finalidad del encuentro con la autoridad regional es plantear estas inquietudes para garantizar una correcta vuelta a clases, en caso que se produzca.<!--more--><\/p>\n<p>En marzo retornar\u00e1n las clases en forma presencial, al menos esa es la instrucci\u00f3n del Ministerio de Educaci\u00f3n, pero los municipios de la regi\u00f3n de Coquimbo y gremios de la educaci\u00f3n a\u00fan no creen que el regreso sea oportuno, debido al aumento de casos por Coronavirus que est\u00e1n presentando las distintas comunas de la zona.<\/p>\n<p>R\u00edo Hurtado no es la excepci\u00f3n y a esta realidad se agrega el problema que est\u00e1n presentando diversas localidades de la comuna por la falta de agua. Los sectores con realidades complejas son Pichasca y Samo Alto, quienes cuentan en total con tres establecimientos dependientes de la municipalidad.<\/p>\n<p>Es as\u00ed como la alcaldesa de R\u00edo Hurtado, Carmen Juana Olivares, quien se reuni\u00f3 con el seremi de Educaci\u00f3n, Claudio Oyarz\u00fan, para encontrar soluci\u00f3n al regreso a clases y los problemas de agua que contar\u00edan estos establecimientos cuando retornen las clases.<\/p>\n<p>La alcaldesa Olivares sostuvo que la finalidad del encuentro con la autoridad regional es plantear estas inquietudes para garantizar una correcta vuelta a clases, en caso que se produzca.<\/p>\n<p>\u201cEstuvimos reunidos con el seremi de Educaci\u00f3n para conversar sobre algunas situaciones que se nos presentan, para el inicio del a\u00f1o escolar, como la escasez h\u00eddrica que estamos viviendo y que repercute directamente en los establecimientos educacionales y familias de la comuna. Adem\u00e1s, la continuaci\u00f3n de la pandemia, que es una realidad muy compleja, especialmente con el alza de contagios que hemos tenido durante febrero. Y tambi\u00e9n sobre situaciones puntuales en algunos establecimientos que era necesarias conversarlo con la autoridad regional. Estamos en un proceso de desarrollo sobre los planteamientos comunales y estaremos trabajando con profesores y comunidades educativas correspondientes\u201d, afirm\u00f3 la alcaldesa.<\/p>\n<p>Por su parte, el seremi de Educaci\u00f3n recibi\u00f3 en La Serena a la alcaldesa Olivares junto con el director subrogante del Departamento de Educaci\u00f3n, Mauricio Santander, en la cual la autoridad regional manifest\u00f3 que las situaciones se podr\u00edan volver en una problem\u00e1tica, debido a la falta de agua, como lo es habilitar los ba\u00f1os, la manipulaci\u00f3n de alimentos, entre otros aspectos.<\/p>\n<p>\u201cLa alcaldesa nos plante\u00f3 varias situaciones que se transforman en problem\u00e1tica y que afecta el a\u00f1o escolar en forma normal. Hablamos del agua, el problema que es acceder al recurso y c\u00f3mo poder contar con este vital elemento, permitiendo el funcionamiento de las escuelas. Estamos viendo a trav\u00e9s de cu\u00e1l \u00edtem podemos optimizar el funcionamiento de sistema de captaci\u00f3n de agua y su almacenamiento, que permita el funcionamiento de las escuelas\u201d, dijo Oyarz\u00fan.<\/p>\n<p>El seremi agreg\u00f3 que \u201cest\u00e1 la infraestructura, que si bien hay proyectos adjudicados, tenemos que ver los plazos para ejecutarlos. Estuvimos analizando el inicio del a\u00f1o escolar 2022, para comenzar de la mejor forma posible en las mejores condiciones y asegurando el bienestar de todos los estudiantes y comunidad educativa\u201d, sostuvo el seremi.<\/p>\n<p>La autoridad regional estar\u00eda analizando la opci\u00f3n a trav\u00e9s de qu\u00e9 mecanismo podr\u00edan optimizar el almacenamiento del agua en las distintas escuelas y colegio en R\u00edo Hurtado.<\/p>\n<p>El retorno a clases est\u00e1 programado para el pr\u00f3ximo 2 de marzo, pero hasta el momento no existen definiciones al respecto.<\/p>\n","protected":false},"excerpt":{"rendered":"<p>La alcaldesa Olivares sostuvo que la finalidad del encuentro con la autoridad regional es plantear estas inquietudes para garantizar una correcta vuelta a clases, en caso que se produzca.<\/p>\n","protected":false},"author":2,"featured_media":6738,"comment_status":"open","ping_status":"open","sticky":false,"template":"","format":"standard","meta":{"footnotes":""},"categories":[5],"tags":[],"class_list":["post-6737","post","type-post","status-publish","format-standard","has-post-thumbnail","hentry","category-actualidad-limarina"],"_links":{"self":[{"href":"https:\/\/www.radiolimari.cl\/index.php?rest_route=\/wp\/v2\/posts\/6737","targetHints":{"allow":["GET"]}}],"collection":[{"href":"https:\/\/www.radiolimari.cl\/index.php?rest_route=\/wp\/v2\/posts"}],"about":[{"href":"https:\/\/www.radiolimari.cl\/index.php?rest_route=\/wp\/v2\/types\/post"}],"author":[{"embeddable":true,"href":"https:\/\/www.radiolimari.cl\/index.php?rest_route=\/wp\/v2\/users\/2"}],"replies":[{"embeddable":true,"href":"https:\/\/www.radiolimari.cl\/index.php?rest_route=%2Fwp%2Fv2%2Fcomments&post=6737"}],"version-history":[{"count":1,"href":"https:\/\/www.radiolimari.cl\/index.php?rest_route=\/wp\/v2\/posts\/6737\/revisions"}],"predecessor-version":[{"id":6739,"href":"https:\/\/www.radiolimari.cl\/index.php?rest_route=\/wp\/v2\/posts\/6737\/revisions\/6739"}],"wp:featuredmedia":[{"embeddable":true,"href":"https:\/\/www.radiolimari.cl\/index.php?rest_route=\/wp\/v2\/media\/6738"}],"wp:attachment":[{"href":"https:\/\/www.radiolimari.cl\/index.php?rest_route=%2Fwp%2Fv2%2Fmedia&parent=6737"}],"wp:term":[{"taxonomy":"category","embeddable":true,"href":"https:\/\/www.radiolimari.cl\/index.php?rest_route=%2Fwp%2Fv2%2Fcategories&post=6737"},{"taxonomy":"post_tag","embeddable":true,"href":"https:\/\/www.radiolimari.cl\/index.php?rest_route=%2Fwp%2Fv2%2Ftags&post=6737"}],"curies":[{"name":"wp","href":"https:\/\/api.w.org\/{rel}","templated":true}]}}