{"id":6734,"date":"2022-02-14T20:21:47","date_gmt":"2022-02-14T20:21:47","guid":{"rendered":"http:\/\/www.radiolimari.cl\/?p=6734"},"modified":"2022-02-14T20:21:47","modified_gmt":"2022-02-14T20:21:47","slug":"mas-de-60-emprendedores-de-limari-podran-potenciar-sus-negocios-gracias-al-programa-yo-emprendo-del-fosis","status":"publish","type":"post","link":"https:\/\/www.radiolimari.cl\/?p=6734","title":{"rendered":"M\u00e1s de 60 emprendedores de Limar\u00ed podr\u00e1n potenciar sus negocios gracias al programa \u201cYo Emprendo\u201d del FOSIS"},"content":{"rendered":"<p><a href=\"https:\/\/www.radiolimari.cl\/wp-content\/uploads\/2022\/02\/14.2-Katherine-Castillo-3.jpeg\"><img fetchpriority=\"high\" decoding=\"async\" class=\"alignnone size-medium wp-image-6735\" src=\"https:\/\/www.radiolimari.cl\/wp-content\/uploads\/2022\/02\/14.2-Katherine-Castillo-3-300x180.jpeg\" alt=\"14.2 Katherine Castillo (3)\" width=\"300\" height=\"180\" srcset=\"https:\/\/www.radiolimari.cl\/wp-content\/uploads\/2022\/02\/14.2-Katherine-Castillo-3-300x180.jpeg 300w, https:\/\/www.radiolimari.cl\/wp-content\/uploads\/2022\/02\/14.2-Katherine-Castillo-3-1024x614.jpeg 1024w, https:\/\/www.radiolimari.cl\/wp-content\/uploads\/2022\/02\/14.2-Katherine-Castillo-3.jpeg 1200w\" sizes=\"(max-width: 300px) 100vw, 300px\" \/><\/a><\/p>\n<p><strong><em>La iniciativa- implementada en 5 comunas- contempla apoyo con asesor\u00eda t\u00e9cnica, capacitaci\u00f3n y financiamiento.<\/em><\/strong><!--more--><\/p>\n<p>Un total de 67 emprendedores de la provincia de Limar\u00ed concluyeron con \u00e9xito su participaci\u00f3n en el programa \u201cYo Emprendo B\u00e1sico\u201d del Fondo de Solidaridad e Inversi\u00f3n Social, FOSIS. La iniciativa- que se llev\u00f3 a cabo en 5 comunas- tiene como objetivo apoyar a personas en situaci\u00f3n de pobreza y\/o vulnerabilidad que desarrollen alguna actividad econ\u00f3mica aut\u00f3noma, para que as\u00ed puedan percibir mayores ingresos y lograr una mayor estabilidad.<\/p>\n<p>Al respecto, la directora Regional del FOSIS, Loreto Molina, valor\u00f3 positivamente la finalizaci\u00f3n del programa y explic\u00f3 que \u201cestamos muy contentos de poder concluir con \u00e9xito este programa y ser una ayuda efectiva para estos 67 emprendedores y emprendedoras de Limar\u00ed. Con su participaci\u00f3n en el programa, ellos ahora cuentan con las herramientas para potenciar sus negocios, gracias a la asistencia t\u00e9cnica, capacitaci\u00f3n y financiamiento que les entregamos\u201d.<\/p>\n<p>En tanto, el Seremi de Desarrollo Social y Familia, Marcelo Telias, destac\u00f3 que \u201ces importante para nosotros como Gobierno entregar herramientas a las personas que tengan una idea de emprendimiento o est\u00e9n reci\u00e9n comenzando con ello. A trav\u00e9s del FOSIS hemos apoyado a muchas personas a iniciar negocios para que estos se transformen en una fuente importante de ingresos para la familia y hoy estas m\u00e1s de 60 personas son un claro ejemplo de aquello\u201d.<\/p>\n<p>Finalmente, Katherine Castillo, emprendedora de Monte Patria, quien particip\u00f3 con su emprendimiento de venta de joyas de plata, agradeci\u00f3 la posibilidad que les entreg\u00f3 el Fosis de poder seguir creciendo con su negocio. \u201cEstoy muy feliz de terminar esta etapa, en mi caso yo vendo joyas de plata chilena e italiana, y con este programa aprend\u00ed cosas que antes no ten\u00eda idea como por ejemplo: vender por redes sociales, publicitar mi negocio y por sobre todo ampliar mis redes de apoyo\u201d, concluy\u00f3.<\/p>\n<p>Cabe precisar que la iniciativa se llev\u00f3 a cabo en las comunas de Ovalle, Combarbal\u00e1, Monte Patria, R\u00edo Hurtado y Punitaqui. Respecto a los ejes de acci\u00f3n de \u201cYo Emprendo B\u00e1sico\u201d, a los participantes- adem\u00e1s de la capacitaci\u00f3n y asistencia t\u00e9cnica, se les entreg\u00f3 un aporte de $450 mil de manera individual para adquisici\u00f3n de maquinarias, herramientas, insumos y otros \u00edtems que les permitan potenciar su negocio.<\/p>\n<p>&nbsp;<\/p>\n<p>&nbsp;<\/p>\n","protected":false},"excerpt":{"rendered":"<p>La iniciativa- implementada en 5 comunas- contempla apoyo con asesor\u00eda t\u00e9cnica, capacitaci\u00f3n y financiamiento.<\/p>\n","protected":false},"author":2,"featured_media":6735,"comment_status":"open","ping_status":"open","sticky":false,"template":"","format":"standard","meta":{"footnotes":""},"categories":[6],"tags":[],"class_list":["post-6734","post","type-post","status-publish","format-standard","has-post-thumbnail","hentry","category-regionales"],"_links":{"self":[{"href":"https:\/\/www.radiolimari.cl\/index.php?rest_route=\/wp\/v2\/posts\/6734","targetHints":{"allow":["GET"]}}],"collection":[{"href":"https:\/\/www.radiolimari.cl\/index.php?rest_route=\/wp\/v2\/posts"}],"about":[{"href":"https:\/\/www.radiolimari.cl\/index.php?rest_route=\/wp\/v2\/types\/post"}],"author":[{"embeddable":true,"href":"https:\/\/www.radiolimari.cl\/index.php?rest_route=\/wp\/v2\/users\/2"}],"replies":[{"embeddable":true,"href":"https:\/\/www.radiolimari.cl\/index.php?rest_route=%2Fwp%2Fv2%2Fcomments&post=6734"}],"version-history":[{"count":1,"href":"https:\/\/www.radiolimari.cl\/index.php?rest_route=\/wp\/v2\/posts\/6734\/revisions"}],"predecessor-version":[{"id":6736,"href":"https:\/\/www.radiolimari.cl\/index.php?rest_route=\/wp\/v2\/posts\/6734\/revisions\/6736"}],"wp:featuredmedia":[{"embeddable":true,"href":"https:\/\/www.radiolimari.cl\/index.php?rest_route=\/wp\/v2\/media\/6735"}],"wp:attachment":[{"href":"https:\/\/www.radiolimari.cl\/index.php?rest_route=%2Fwp%2Fv2%2Fmedia&parent=6734"}],"wp:term":[{"taxonomy":"category","embeddable":true,"href":"https:\/\/www.radiolimari.cl\/index.php?rest_route=%2Fwp%2Fv2%2Fcategories&post=6734"},{"taxonomy":"post_tag","embeddable":true,"href":"https:\/\/www.radiolimari.cl\/index.php?rest_route=%2Fwp%2Fv2%2Ftags&post=6734"}],"curies":[{"name":"wp","href":"https:\/\/api.w.org\/{rel}","templated":true}]}}