{"id":6725,"date":"2022-02-10T00:27:58","date_gmt":"2022-02-10T00:27:58","guid":{"rendered":"http:\/\/www.radiolimari.cl\/?p=6725"},"modified":"2022-02-10T00:27:58","modified_gmt":"2022-02-10T00:27:58","slug":"critica-situacion-de-embalses-de-la-region-de-coquimbo-segun-reporte-hidrico-de-aguas-del-valle","status":"publish","type":"post","link":"https:\/\/www.radiolimari.cl\/?p=6725","title":{"rendered":"Cr\u00edtica situaci\u00f3n de embalses de la Regi\u00f3n de Coquimbo, seg\u00fan reporte h\u00eddrico de Aguas del Valle"},"content":{"rendered":"<p><a href=\"https:\/\/www.radiolimari.cl\/wp-content\/uploads\/2022\/02\/9.2-Reporte-H\u00eddrico-ADV-02-Embalse-El-Bato.jpeg\"><img fetchpriority=\"high\" decoding=\"async\" class=\"alignnone size-medium wp-image-6726\" src=\"https:\/\/www.radiolimari.cl\/wp-content\/uploads\/2022\/02\/9.2-Reporte-H\u00eddrico-ADV-02-Embalse-El-Bato-300x168.jpeg\" alt=\"9.2 Reporte H\u00eddrico ADV - 02 - Embalse El Bato\" width=\"300\" height=\"168\" srcset=\"https:\/\/www.radiolimari.cl\/wp-content\/uploads\/2022\/02\/9.2-Reporte-H\u00eddrico-ADV-02-Embalse-El-Bato-300x168.jpeg 300w, https:\/\/www.radiolimari.cl\/wp-content\/uploads\/2022\/02\/9.2-Reporte-H\u00eddrico-ADV-02-Embalse-El-Bato-1024x576.jpeg 1024w, https:\/\/www.radiolimari.cl\/wp-content\/uploads\/2022\/02\/9.2-Reporte-H\u00eddrico-ADV-02-Embalse-El-Bato.jpeg 1280w\" sizes=\"(max-width: 300px) 100vw, 300px\" \/><\/a><\/p>\n<p>En la Provincia del Choapa, el embalse El Bato ya alcanz\u00f3 su nivel m\u00ednimo de aguas (1,5 millones de m3), por lo que ahora es necesario extraer el recurso a trav\u00e9s de motobombas especiales.<\/p>\n<p><!--more--><\/p>\n<p>El nuevo reporte de Aguas del Valle, actualizado al 31 de enero de 2022, contin\u00faa dando cuenta de la grave escasez h\u00eddrica que afecta a la Regi\u00f3n de Coquimbo y que se ve reflejada en el bajo nivel de los embalses, la casi nula acumulaci\u00f3n de nieve y un d\u00e9ficit de 100% de agua ca\u00edda.<\/p>\n<p>Actualmente, la red regional compuesta por ocho embalses se encuentra en un 18% de su capacidad total, siendo uno de los casos m\u00e1s extremos el de Cogot\u00ed, en Combarbal\u00e1, que registra menos del 1% de acumulaci\u00f3n.<\/p>\n<p>En Illapel, en tanto, el embalse El Bato ya alcanz\u00f3 su nivel m\u00ednimo de aguas (con 6,3% de acumulaci\u00f3n). Es por eso que, a trav\u00e9s de un convenio con la Junta de Vigilancia del R\u00edo Illapel y la DOH, Aguas del Valle est\u00e1 apoyando con infraestructura y motobombas especiales para extraer los cerca de 1,5 millones de m3 que a\u00fan se encuentran almacenados y apoyar a los Sistemas Sanitarios Rurales que est\u00e1n en la ribera del r\u00edo, abastecer al sector agr\u00edcola y contar con un suministro de reserva para la ciudad.<\/p>\n<p>\u201cEstamos enfrentando un escenario h\u00eddrico complejo, con una sequ\u00eda que se ha extendido por m\u00e1s de 13 a\u00f1os y que se agudiza cada d\u00eda. Sin embargo, continuamos trabajando para buscar alternativas en conjunto e implementar medidas que nos permitan mantener la continuidad del suministro de agua potable en toda nuestra \u00e1rea de operaci\u00f3n. La situaci\u00f3n es delicada, y la recarga de las fuentes h\u00eddricas de este invierno es fundamental para evitar escenarios de racionamiento en el \u00e1rea urbana\u201d, indic\u00f3 el gerente regional (s) de Aguas del Valle, Alejandro Salas.<\/p>\n<p>En este contexto, el ejecutivo reforz\u00f3 al llamado a la comunidad al uso moderado del consumo de agua potable, especialmente durante esta \u00e9poca estival, donde se proyecta que la demanda del recurso aumentar\u00e1 un 14% en promedio.<\/p>\n<p><strong>Preocupantes indicadores<\/strong><\/p>\n<p>El nuevo reporte de la sanitaria revela que las precipitaciones se encuentran con un d\u00e9ficit del 100% en La Serena, Illapel y Combarbal\u00e1.<\/p>\n<p>Respecto de la cantidad de agua embalsada, en la provincia de Elqui, Puclaro cuenta con un 33,1% de su capacidad total; en Limar\u00ed, La Paloma llega s\u00f3lo al 15,8,%; mientras que en Choapa, el embalse El Bato, se encuentra con un 6,3%.<\/p>\n<p>En relaci\u00f3n con la nieve, la estaci\u00f3n Vega Negra -en la cordillera de la provincia de Limar\u00ed- registra un d\u00e9ficit del -94,8% respecto a un a\u00f1o normal, con s\u00f3lo 20 mm acumulados.<\/p>\n<p>&nbsp;<\/p>\n","protected":false},"excerpt":{"rendered":"<p>En la Provincia del Choapa, el embalse El Bato ya alcanz\u00f3 su nivel m\u00ednimo de aguas (1,5 millones de m3), por lo que ahora es necesario extraer el recurso a trav\u00e9s de motobombas especiales.<\/p>\n","protected":false},"author":2,"featured_media":6726,"comment_status":"open","ping_status":"open","sticky":false,"template":"","format":"standard","meta":{"footnotes":""},"categories":[6],"tags":[],"class_list":["post-6725","post","type-post","status-publish","format-standard","has-post-thumbnail","hentry","category-regionales"],"_links":{"self":[{"href":"https:\/\/www.radiolimari.cl\/index.php?rest_route=\/wp\/v2\/posts\/6725","targetHints":{"allow":["GET"]}}],"collection":[{"href":"https:\/\/www.radiolimari.cl\/index.php?rest_route=\/wp\/v2\/posts"}],"about":[{"href":"https:\/\/www.radiolimari.cl\/index.php?rest_route=\/wp\/v2\/types\/post"}],"author":[{"embeddable":true,"href":"https:\/\/www.radiolimari.cl\/index.php?rest_route=\/wp\/v2\/users\/2"}],"replies":[{"embeddable":true,"href":"https:\/\/www.radiolimari.cl\/index.php?rest_route=%2Fwp%2Fv2%2Fcomments&post=6725"}],"version-history":[{"count":1,"href":"https:\/\/www.radiolimari.cl\/index.php?rest_route=\/wp\/v2\/posts\/6725\/revisions"}],"predecessor-version":[{"id":6727,"href":"https:\/\/www.radiolimari.cl\/index.php?rest_route=\/wp\/v2\/posts\/6725\/revisions\/6727"}],"wp:featuredmedia":[{"embeddable":true,"href":"https:\/\/www.radiolimari.cl\/index.php?rest_route=\/wp\/v2\/media\/6726"}],"wp:attachment":[{"href":"https:\/\/www.radiolimari.cl\/index.php?rest_route=%2Fwp%2Fv2%2Fmedia&parent=6725"}],"wp:term":[{"taxonomy":"category","embeddable":true,"href":"https:\/\/www.radiolimari.cl\/index.php?rest_route=%2Fwp%2Fv2%2Fcategories&post=6725"},{"taxonomy":"post_tag","embeddable":true,"href":"https:\/\/www.radiolimari.cl\/index.php?rest_route=%2Fwp%2Fv2%2Ftags&post=6725"}],"curies":[{"name":"wp","href":"https:\/\/api.w.org\/{rel}","templated":true}]}}