{"id":6722,"date":"2022-02-10T00:19:54","date_gmt":"2022-02-10T00:19:54","guid":{"rendered":"http:\/\/www.radiolimari.cl\/?p=6722"},"modified":"2022-02-10T00:19:54","modified_gmt":"2022-02-10T00:19:54","slug":"la-alcadesa-de-rio-hurtado-y-el-alcalde-de-monte-patria-firman-convenio-colaborativo-entre-ambos-municipios","status":"publish","type":"post","link":"https:\/\/www.radiolimari.cl\/?p=6722","title":{"rendered":"La Alcadesa de R\u00edo Hurtado y el Alcalde de Monte Patria firman convenio colaborativo entre ambos municipios."},"content":{"rendered":"<p><a href=\"https:\/\/www.radiolimari.cl\/wp-content\/uploads\/2022\/02\/9.2-Convenio-R\u00edo-Hurtado-Monte-Patria.jpg\"><img fetchpriority=\"high\" decoding=\"async\" class=\"alignnone size-medium wp-image-6723\" src=\"https:\/\/www.radiolimari.cl\/wp-content\/uploads\/2022\/02\/9.2-Convenio-R\u00edo-Hurtado-Monte-Patria-300x200.jpg\" alt=\"9.2 Convenio R\u00edo Hurtado Monte Patria\" width=\"300\" height=\"200\" srcset=\"https:\/\/www.radiolimari.cl\/wp-content\/uploads\/2022\/02\/9.2-Convenio-R\u00edo-Hurtado-Monte-Patria-300x200.jpg 300w, https:\/\/www.radiolimari.cl\/wp-content\/uploads\/2022\/02\/9.2-Convenio-R\u00edo-Hurtado-Monte-Patria-1024x682.jpg 1024w\" sizes=\"(max-width: 300px) 100vw, 300px\" \/><\/a><\/p>\n<p>El convenio permitir\u00e1 que ambas instituciones estrechen lazos en materias de infraestructura, equipamiento, cultura y brindar desarrollo de los territorios.<!--more--><\/p>\n<p>Un importante acercamiento ocurri\u00f3 entre la Municipalidad de R\u00edo Hurtado y la Municipalidad de Monte Patria. Por intermedio de la alcaldesa Carmen Juana Olivares y su par Cristi\u00e1n Herrera, ambas instituciones firmaron un convenio colaborativo que permitir\u00e1 estrechar lazos en materias de infraestructura, equipamiento, cultura y el desarrollo de las comunas.<\/p>\n<p>El convenio otorgar\u00e1 que Monte Patria preste un cami\u00f3n \u201calzahombre\u201d, que permitir\u00e1 arreglar las luminarias p\u00fablicas defectuosas que se encuentran principalmente en el troncal de la comuna de R\u00edo Hurtado. Podr\u00e1 subsanar un problema que aqueja a algunas localidades de la zona, permitiendo entregar mayor luminosidad y seguridad por las noches.<\/p>\n<p>El objetivo general del convenio es lograr metas comunes y soluciones ara cada municipio, aspecto que la alcaldesa de R\u00edo Hurtado, Carmen Juana Olivares, expres\u00f3 satisfecha por concordar un trabajo en conjunto con Monte Patria.<\/p>\n<p>\u201cPara nosotros es muy importante mantener relaciones de colaboraci\u00f3n y en esa sinton\u00eda estamos todos los alcaldes de la provincia de Limar\u00ed. Justamente concretamos con Cristi\u00e1n Herrera un convenio de colaboraci\u00f3n para estrechar lazos en materia de infraestructura, equipamiento, la cultura y mantener relaciones para desarrollar nuestro territorio y bridar oportunidades para nuestros habitantes de ambas comunas\u201d, se\u00f1al\u00f3 la alcaldesa.<\/p>\n<p>Para el alcalde Cristi\u00e1n Herrera, ambas comunas comparten aspectos culturales, geogr\u00e1ficos y tambi\u00e9n una amistad con la alcaldesa. Con este convenio, permitir\u00e1 desarrollar y facilitar servicios entre ambas comunas.<\/p>\n<p>\u201cNosotros entendemos que nuestra integraci\u00f3n debe partir por nuestras comunas vecinas. Hoy oficializamos un acuerdo para luchar para que esta uni\u00f3n no sea solo a trav\u00e9s de un convenio, sino tambi\u00e9n en forma f\u00edsica, que nos saltemos Ovalle y podamos llegar r\u00e1pidamente entre nuestras comunas por el sector de Las Minillas y El Campanario, hay una posibilidad de extender un camino. Estamos contentos con afianzar estos lazos de uni\u00f3n y estos pasos van en beneficio de nuestra comunidad\u201d, dijo Herrera.<\/p>\n<p>Tal como lo se\u00f1al\u00f3 Herrera, dentro de la conversaci\u00f3n surgi\u00f3 la idea de reactivar el an\u00e1lisis de levantar una ruta que conecte ambas comunas, entre los sectores de Las Minillas, en R\u00edo Hurtado, y El Campanario, en Monte Patria, que permitir\u00e1 estrechar a\u00fan m\u00e1s los lazos entre los territorios.<\/p>\n","protected":false},"excerpt":{"rendered":"<p>El convenio permitir\u00e1 que ambas instituciones estrechen lazos en materias de infraestructura, equipamiento, cultura y brindar desarrollo de los territorios.<\/p>\n","protected":false},"author":2,"featured_media":6723,"comment_status":"open","ping_status":"open","sticky":false,"template":"","format":"standard","meta":{"footnotes":""},"categories":[5],"tags":[],"class_list":["post-6722","post","type-post","status-publish","format-standard","has-post-thumbnail","hentry","category-actualidad-limarina"],"_links":{"self":[{"href":"https:\/\/www.radiolimari.cl\/index.php?rest_route=\/wp\/v2\/posts\/6722","targetHints":{"allow":["GET"]}}],"collection":[{"href":"https:\/\/www.radiolimari.cl\/index.php?rest_route=\/wp\/v2\/posts"}],"about":[{"href":"https:\/\/www.radiolimari.cl\/index.php?rest_route=\/wp\/v2\/types\/post"}],"author":[{"embeddable":true,"href":"https:\/\/www.radiolimari.cl\/index.php?rest_route=\/wp\/v2\/users\/2"}],"replies":[{"embeddable":true,"href":"https:\/\/www.radiolimari.cl\/index.php?rest_route=%2Fwp%2Fv2%2Fcomments&post=6722"}],"version-history":[{"count":1,"href":"https:\/\/www.radiolimari.cl\/index.php?rest_route=\/wp\/v2\/posts\/6722\/revisions"}],"predecessor-version":[{"id":6724,"href":"https:\/\/www.radiolimari.cl\/index.php?rest_route=\/wp\/v2\/posts\/6722\/revisions\/6724"}],"wp:featuredmedia":[{"embeddable":true,"href":"https:\/\/www.radiolimari.cl\/index.php?rest_route=\/wp\/v2\/media\/6723"}],"wp:attachment":[{"href":"https:\/\/www.radiolimari.cl\/index.php?rest_route=%2Fwp%2Fv2%2Fmedia&parent=6722"}],"wp:term":[{"taxonomy":"category","embeddable":true,"href":"https:\/\/www.radiolimari.cl\/index.php?rest_route=%2Fwp%2Fv2%2Fcategories&post=6722"},{"taxonomy":"post_tag","embeddable":true,"href":"https:\/\/www.radiolimari.cl\/index.php?rest_route=%2Fwp%2Fv2%2Ftags&post=6722"}],"curies":[{"name":"wp","href":"https:\/\/api.w.org\/{rel}","templated":true}]}}