{"id":6712,"date":"2022-02-09T02:40:49","date_gmt":"2022-02-09T02:40:49","guid":{"rendered":"http:\/\/www.radiolimari.cl\/?p=6712"},"modified":"2022-02-09T02:41:13","modified_gmt":"2022-02-09T02:41:13","slug":"la-labor-de-la-municipalidad-para-entregar-agua-a-localidades-en-medio-de-extensa-sequia","status":"publish","type":"post","link":"https:\/\/www.radiolimari.cl\/?p=6712","title":{"rendered":"La labor de la Municipalidad de R\u00edo Hurtado para entregar agua a localidades en medio de extensa sequ\u00eda"},"content":{"rendered":"<p><a href=\"https:\/\/www.radiolimari.cl\/wp-content\/uploads\/2022\/02\/8.2-R\u00edo-Hurtado-entrega-agua-aljibes-sequ\u00eda.jpg\"><img fetchpriority=\"high\" decoding=\"async\" class=\"alignnone size-medium wp-image-6713\" src=\"https:\/\/www.radiolimari.cl\/wp-content\/uploads\/2022\/02\/8.2-R\u00edo-Hurtado-entrega-agua-aljibes-sequ\u00eda-300x225.jpg\" alt=\"8.2 R\u00edo Hurtado entrega agua aljibes sequ\u00eda\" width=\"300\" height=\"225\" srcset=\"https:\/\/www.radiolimari.cl\/wp-content\/uploads\/2022\/02\/8.2-R\u00edo-Hurtado-entrega-agua-aljibes-sequ\u00eda-300x225.jpg 300w, https:\/\/www.radiolimari.cl\/wp-content\/uploads\/2022\/02\/8.2-R\u00edo-Hurtado-entrega-agua-aljibes-sequ\u00eda-1024x768.jpg 1024w\" sizes=\"(max-width: 300px) 100vw, 300px\" \/><\/a><\/p>\n<p>La sequ\u00eda nos afecta a todos. La escasa agua disponible en la comuna nos llama a realizar un uso m\u00e1s consciente del recurso, sobre todo en tiempos en que la zona se encuentra bajo decreto de Escasez H\u00eddrica, otorgado por el gobierno.<!--more--><\/p>\n<p>La sequ\u00eda nos afecta a todos. La escasa agua disponible en la comuna nos llama a realizar un uso m\u00e1s consciente del recurso, sobre todo en tiempos en que la zona se encuentra bajo decreto de Escasez H\u00eddrica, otorgado por el gobierno.<\/p>\n<p>Con esta realidad, los funcionarios de la Municipalidad de R\u00edo Hurtado realizan las labores para que a cada familia no les falte el vital elemento. Para aquello, entrega en forma peri\u00f3dica agua a 136 familias que no son usuarias de alguno de los nueve comit\u00e9s de APR de la comuna.<\/p>\n<p>Estas familias se ubican preferentemente en el sector secano, como El Romeral, La Huerta, Las Minillas y El Sauce, quienes hacen patria en aquellas localidades, en la cual no les puede faltar el agua.<\/p>\n<p>La Municipalidad de R\u00edo Hurtado entrega mensualmente cerca de 627 mil litros mensuales del recurso para garantizar los 50 litros diarios por persona que establece la Subsecretar\u00eda del Interior del gobierno.<\/p>\n<p>\u201cQue a nadie le falte el agua para el consumo humano\u201d, afirma la alcaldesa Carmen Juana Olivares, a pesar de las dificultades para repartirla.<\/p>\n<p>\u201cA pesar de estar en una sequ\u00eda bastante pronunciada, compleja, entregamos agua a 136 familias, con 373 usuarios con dos camiones provenientes de la Delegaci\u00f3n Presidencial Regional y uno nuestro. Adem\u00e1s, tenemos usuarios del troncal de algunos pueblos y no cuentan con factibilidad de agua, se les entrega el agua para llegar a tiempo. Se hace dif\u00edcil en oportunidades porque nuestros recorridos son bastante complejos. Tambi\u00e9n tenemos dificultades con los caminos con mala mantenci\u00f3n por parte de los servicios de Vialidad, lo que se hace m\u00e1s lento el reparto del agua. Lo importante para nosotros es poder distribuirla, para que nuestros vecinos tengan el consumo de agua como corresponde\u201d, sostuvo Olivares.<\/p>\n<p>La Municipalidad de R\u00edo Hurtado est\u00e1 a la espera de la instalaci\u00f3n de estanques de emergencia en el APR de Samo Alto para apoyarlos y alivianar la entrega de agua a las familias del sector. Mientras que la alcaldesa trabaja en convenio con privados para que aporten con agua a familias de la comuna.<\/p>\n<p>El encargado comunal de Protecci\u00f3n Civil y Emergencia, Freddy Aguirre, remarca en la crisis h\u00eddrica que se encuentra la comuna, con una sequ\u00eda que se arrastra por m\u00e1s de 10 a\u00f1os.<\/p>\n<p>\u201cHoy estamos en una crisis h\u00eddrica que se acent\u00faa a\u00f1o tras a\u00f1o. Esto no es de ahora, sino m\u00e1s de 10 a\u00f1os en cuanto al d\u00e9ficit h\u00eddrico que se acrecienta. Los primeros afectados son las localidades del secano, donde esas familias ten\u00edan sus propias vertientes para abastecerse, pero con el pasar de los a\u00f1os estas fuentes de agua se fueron secando. Esto afecta su fuente laboral, su vida, se ve afectado el ganado con esta escasez h\u00eddrica\u201d, puntualiz\u00f3 Aguirre.<\/p>\n<p>Los comit\u00e9s de Agua Potable Rural de Pichasca y Samo Alto se encuentra con restricci\u00f3n del uso del agua, a lo que el Municipio trabaja para poder encontrar soluciones a la falta de agua que ya no solo abarca al sector secano, sino que tambi\u00e9n a otras localidades de la comuna.<\/p>\n<p>Por esto, el llamado es a realizar un uso consciente del agua, dedicarla preferentemente al consumo humano y no desperdiciarla.<\/p>\n","protected":false},"excerpt":{"rendered":"<p>La sequ\u00eda nos afecta a todos. La escasa agua disponible en la comuna nos llama a realizar un uso m\u00e1s consciente del recurso, sobre todo en tiempos en que la zona se encuentra bajo decreto de Escasez H\u00eddrica, otorgado por el gobierno.<\/p>\n","protected":false},"author":2,"featured_media":6713,"comment_status":"open","ping_status":"open","sticky":false,"template":"","format":"standard","meta":{"footnotes":""},"categories":[5],"tags":[],"class_list":["post-6712","post","type-post","status-publish","format-standard","has-post-thumbnail","hentry","category-actualidad-limarina"],"_links":{"self":[{"href":"https:\/\/www.radiolimari.cl\/index.php?rest_route=\/wp\/v2\/posts\/6712","targetHints":{"allow":["GET"]}}],"collection":[{"href":"https:\/\/www.radiolimari.cl\/index.php?rest_route=\/wp\/v2\/posts"}],"about":[{"href":"https:\/\/www.radiolimari.cl\/index.php?rest_route=\/wp\/v2\/types\/post"}],"author":[{"embeddable":true,"href":"https:\/\/www.radiolimari.cl\/index.php?rest_route=\/wp\/v2\/users\/2"}],"replies":[{"embeddable":true,"href":"https:\/\/www.radiolimari.cl\/index.php?rest_route=%2Fwp%2Fv2%2Fcomments&post=6712"}],"version-history":[{"count":2,"href":"https:\/\/www.radiolimari.cl\/index.php?rest_route=\/wp\/v2\/posts\/6712\/revisions"}],"predecessor-version":[{"id":6715,"href":"https:\/\/www.radiolimari.cl\/index.php?rest_route=\/wp\/v2\/posts\/6712\/revisions\/6715"}],"wp:featuredmedia":[{"embeddable":true,"href":"https:\/\/www.radiolimari.cl\/index.php?rest_route=\/wp\/v2\/media\/6713"}],"wp:attachment":[{"href":"https:\/\/www.radiolimari.cl\/index.php?rest_route=%2Fwp%2Fv2%2Fmedia&parent=6712"}],"wp:term":[{"taxonomy":"category","embeddable":true,"href":"https:\/\/www.radiolimari.cl\/index.php?rest_route=%2Fwp%2Fv2%2Fcategories&post=6712"},{"taxonomy":"post_tag","embeddable":true,"href":"https:\/\/www.radiolimari.cl\/index.php?rest_route=%2Fwp%2Fv2%2Ftags&post=6712"}],"curies":[{"name":"wp","href":"https:\/\/api.w.org\/{rel}","templated":true}]}}