{"id":6703,"date":"2022-02-03T15:38:22","date_gmt":"2022-02-03T15:38:22","guid":{"rendered":"http:\/\/www.radiolimari.cl\/?p=6703"},"modified":"2022-02-03T15:38:22","modified_gmt":"2022-02-03T15:38:22","slug":"en-monte-patria-mas-de-90-agricultores-reciben-insumos-de-riego-para-contrarrestar-los-estragos-de-la-sequia","status":"publish","type":"post","link":"https:\/\/www.radiolimari.cl\/?p=6703","title":{"rendered":"En Monte Patria m\u00e1s de 90 agricultores reciben insumos de riego para contrarrestar los estragos de la sequ\u00eda."},"content":{"rendered":"<p style=\"text-align: justify;\"><a href=\"https:\/\/www.radiolimari.cl\/wp-content\/uploads\/2022\/02\/3.2-monte-patria-indap.jpg\"><img fetchpriority=\"high\" decoding=\"async\" class=\"alignnone size-medium wp-image-6704\" src=\"https:\/\/www.radiolimari.cl\/wp-content\/uploads\/2022\/02\/3.2-monte-patria-indap-300x224.jpg\" alt=\"3.2 monte patria indap\" width=\"300\" height=\"224\" srcset=\"https:\/\/www.radiolimari.cl\/wp-content\/uploads\/2022\/02\/3.2-monte-patria-indap-300x224.jpg 300w, https:\/\/www.radiolimari.cl\/wp-content\/uploads\/2022\/02\/3.2-monte-patria-indap.jpg 827w\" sizes=\"(max-width: 300px) 100vw, 300px\" \/><\/a><\/p>\n<p style=\"text-align: justify;\"><strong>El aporte, que es parte de la campa\u00f1a \u201cMinagri te apoya en la emergencia\u201d, entreg\u00f3 implementos de riego a los agricultores del sector rural que luchan d\u00eda a d\u00eda con los embates de la sequ\u00eda en la comuna<\/strong><!--more--><\/p>\n<p style=\"text-align: justify;\">\n<p style=\"text-align: justify;\">En el marco de la emergencia h\u00eddrica m\u00e1s grande que ha atravesado la zona, el Seremi de Agricultura, Rodrigo \u00d3rdenes, y el alcalde de la Ilustre Municipalidad de Monte Patria, Cristian Herrera, entregaron insumos de riego a peque\u00f1os productores de la comuna con el fin de que puedan acumular el escaso recurso h\u00eddrico para sus actividades agr\u00edcolas y ganaderas. La ceremonia, que se realiz\u00f3 en el camping municipal este martes convoc\u00f3 a m\u00e1s de 90 beneficiarios que recibieron con alegr\u00eda la ayuda entregada.<\/p>\n<p style=\"text-align: justify;\">La iniciativa que tiene por nombre \u201cMinagri te apoya en la emergencia\u201d fue impulsada por el gobierno tras haber decretado emergencia h\u00eddrica en la comuna de Monte Patria y busca apoyar al sector rural afectado por la sequ\u00eda. Al respecto el Seremi de Agricultura, Rodrigo \u00d3rdenes, precis\u00f3 que \u201cestamos entregando m\u00e1s de 1.500 millones de pesos en distintas l\u00edneas las que incluyen alimentaci\u00f3n ap\u00edcola, adquisici\u00f3n de geomembranas y tuber\u00edas, adem\u00e1s de la adquisici\u00f3n de ca\u00f1er\u00edas y estanques m\u00f3viles. Todo esto va enfocado en acumular la escasa agua que va quedando en la zona para que ellos puedan de alguna manera regar sus huertas o para entregar agua para sus animales\u201d.<\/p>\n<p style=\"text-align: justify;\">En esa misma l\u00ednea, la autoridad regional destac\u00f3 el trabajo de la instituci\u00f3n realizado para la comunidad en estos cuatro a\u00f1os del gobierno de Sebasti\u00e1n Pi\u00f1era mencionando que \u201casumimos con un terremoto y, la medida de que las gestionas se iban canalizando principalmente en el foco de recursos h\u00eddricos, es por eso mismo que hemos trabajado arduamente con la Comisi\u00f3n Nacional de Riego a trav\u00e9s de los concursos de las leyes, hemos tenido un aumento importante en el presupuesto de la comisi\u00f3n para poder enfrentar esta sequ\u00eda y tambi\u00e9n al INDAP que tambi\u00e9n apoya a peque\u00f1os productores. Para este a\u00f1o tuvimos un aumento del presupuesto en m\u00e1s de un 30 por ciento\u201d.<\/p>\n<p style=\"text-align: justify;\">La ayuda enviada por parte del gobierno central tambi\u00e9n fue reconocida por el edil de la comuna de Monte Patria, Cristian Herrera, quien agradeci\u00f3 la colaboraci\u00f3n en estas cr\u00edticas instancias para la zona. \u201cEstas son las se\u00f1ales que debe seguir dando el gobierno y quiero aprovechar de agradecer al Seremi, Rodrigo \u00f3rdenes, que est\u00e1 trabajando hasta el \u00faltimo d\u00eda. Sabemos que hay un cambio de gobierno y que podr\u00eda estar en otras tareas, pero la autoridad est\u00e1 ac\u00e1 apoyando en esta situaci\u00f3n compleja que estamos viviendo como comuna. Sin duda, ayuda a que nuestros peque\u00f1os productores agr\u00edcolas se sientan un poco m\u00e1s acompa\u00f1ados\u201d, indic\u00f3.<\/p>\n<p style=\"text-align: justify;\">Cabe destacar que esta vez la ayuda entregada por la Seremi de Agricultura no s\u00f3lo contempl\u00f3 a las personas que estaban en el programa del Instituto de Desarrollo Agropecuario (INDAP), sino que tambi\u00e9n incluy\u00f3 a peque\u00f1os agricultores no registrados en dicha organizaci\u00f3n, transform\u00e1ndose as\u00ed en un beneficio que busca ayudar en general sin distinci\u00f3n alguna. \u201cPara m\u00ed, este beneficio es de gran ayuda, debido a que me tuve que ir a plantar a otra parte, porque en mi terreno necesitaba mangueras para extraer agua. Ahora con esta ayuda podr\u00e9 plantar m\u00e1s cerca. Es una iniciativa muy buena para la comunidad agr\u00edcola y estoy agradecida de las gestiones del alcalde y la Seremi para luchar contra la sequ\u00eda que nos afecta\u201d, declar\u00f3 Marisol Astudillo, una de las beneficiarias del programa agr\u00edcola.<\/p>\n<p style=\"text-align: justify;\">Por su parte, Luis Fernando Vega, beneficiario de la localidad de Mialqui agradeci\u00f3 el apoyo entregado debido a que \u201ces una muy buena obra que ayudar\u00e1 a quienes estamos viviendo los horrores de la sequ\u00eda. Esta instancia tambi\u00e9n nos ha dado la oportunidad de ayudarnos entre los agricultores y vecinos para regar las plantas que tenemos y as\u00ed evitar que se sequen producto de la falta de agua\u201d.<\/p>\n<p style=\"text-align: justify;\">A la fecha, cerca de 5 mil personas han emigrado debido a la escasez h\u00eddrica en la comuna de Monte Patria. La situaci\u00f3n que se vive en la localidad es grave y requiere de ayuda urgente por parte de las entidades nacionales y regionales para preservar el consumo humano y el riego agr\u00edcola.<\/p>\n","protected":false},"excerpt":{"rendered":"<p>El aporte, que es parte de la campa\u00f1a \u201cMinagri te apoya en la emergencia\u201d, entreg\u00f3 implementos de riego a los agricultores del sector rural que luchan d\u00eda a d\u00eda con los embates de la sequ\u00eda en la comuna<\/p>\n","protected":false},"author":2,"featured_media":6704,"comment_status":"open","ping_status":"open","sticky":false,"template":"","format":"standard","meta":{"footnotes":""},"categories":[5],"tags":[],"class_list":["post-6703","post","type-post","status-publish","format-standard","has-post-thumbnail","hentry","category-actualidad-limarina"],"_links":{"self":[{"href":"https:\/\/www.radiolimari.cl\/index.php?rest_route=\/wp\/v2\/posts\/6703","targetHints":{"allow":["GET"]}}],"collection":[{"href":"https:\/\/www.radiolimari.cl\/index.php?rest_route=\/wp\/v2\/posts"}],"about":[{"href":"https:\/\/www.radiolimari.cl\/index.php?rest_route=\/wp\/v2\/types\/post"}],"author":[{"embeddable":true,"href":"https:\/\/www.radiolimari.cl\/index.php?rest_route=\/wp\/v2\/users\/2"}],"replies":[{"embeddable":true,"href":"https:\/\/www.radiolimari.cl\/index.php?rest_route=%2Fwp%2Fv2%2Fcomments&post=6703"}],"version-history":[{"count":1,"href":"https:\/\/www.radiolimari.cl\/index.php?rest_route=\/wp\/v2\/posts\/6703\/revisions"}],"predecessor-version":[{"id":6705,"href":"https:\/\/www.radiolimari.cl\/index.php?rest_route=\/wp\/v2\/posts\/6703\/revisions\/6705"}],"wp:featuredmedia":[{"embeddable":true,"href":"https:\/\/www.radiolimari.cl\/index.php?rest_route=\/wp\/v2\/media\/6704"}],"wp:attachment":[{"href":"https:\/\/www.radiolimari.cl\/index.php?rest_route=%2Fwp%2Fv2%2Fmedia&parent=6703"}],"wp:term":[{"taxonomy":"category","embeddable":true,"href":"https:\/\/www.radiolimari.cl\/index.php?rest_route=%2Fwp%2Fv2%2Fcategories&post=6703"},{"taxonomy":"post_tag","embeddable":true,"href":"https:\/\/www.radiolimari.cl\/index.php?rest_route=%2Fwp%2Fv2%2Ftags&post=6703"}],"curies":[{"name":"wp","href":"https:\/\/api.w.org\/{rel}","templated":true}]}}