{"id":6700,"date":"2022-02-03T15:28:59","date_gmt":"2022-02-03T15:28:59","guid":{"rendered":"http:\/\/www.radiolimari.cl\/?p=6700"},"modified":"2022-02-03T15:28:59","modified_gmt":"2022-02-03T15:28:59","slug":"sence-abrio-una-nueva-etapa-de-postulacion-al-subsidio-protege","status":"publish","type":"post","link":"https:\/\/www.radiolimari.cl\/?p=6700","title":{"rendered":"Sence abri\u00f3 una nueva etapa de postulaci\u00f3n al subsidio Protege"},"content":{"rendered":"<p><a href=\"https:\/\/www.radiolimari.cl\/wp-content\/uploads\/2022\/02\/3.2-sence.jpg\"><img fetchpriority=\"high\" decoding=\"async\" class=\"alignnone size-medium wp-image-6701\" src=\"https:\/\/www.radiolimari.cl\/wp-content\/uploads\/2022\/02\/3.2-sence-300x200.jpg\" alt=\"3.2 sence\" width=\"300\" height=\"200\" srcset=\"https:\/\/www.radiolimari.cl\/wp-content\/uploads\/2022\/02\/3.2-sence-300x200.jpg 300w, https:\/\/www.radiolimari.cl\/wp-content\/uploads\/2022\/02\/3.2-sence-1024x682.jpg 1024w\" sizes=\"(max-width: 300px) 100vw, 300px\" \/><\/a><\/p>\n<p><em>Desde su implementaci\u00f3n, a la fecha, se han beneficiado 1.919 trabadoras\/es en la regi\u00f3n, con una inversi\u00f3n de m\u00e1s de 1.500 millones de pesos.<\/em><\/p>\n<p><!--more--><\/p>\n<p>Febrero ser\u00e1 el pen\u00faltimo mes que se podr\u00e1 postular al Subsidio Protege, beneficio dirigido a trabajadoras o trabajadores, dependientes o independientes, que tengan el cuidado de ni\u00f1os y ni\u00f1as menores de 2 a\u00f1os, y que no tengan garantizado el derecho a sala cuna por parte de su empleador. Solo en la regi\u00f3n, 1.918 mujeres y un trabajador se han beneficiado con \u2018Protege\u2019, con una inversi\u00f3n de $1.524 millones.<\/p>\n<p>En esta oportunidad, el Servicio Nacional de Capacitaci\u00f3n y Empleo, Sence, est\u00e1 llamando a postular en esta nueva ventana que se extender\u00e1 hasta el domingo 20 de febrero, ingresando a <a href=\"http:\/\/www.subsidioalempleo.cl\">www.subsidioalempleo.cl<\/a>. Cabe destacar que este beneficio es un aporte mensual de $200.000 que se entregar\u00e1 directamente a los\/as trabajadores\/as beneficiarios\/as, para que sea destinado al cuidado de los ni\u00f1os y ni\u00f1as, hasta por tres meses.<\/p>\n<p>En este sentido, el director (s) regional de Sence, Eduardo Toro, coment\u00f3 que \u201ceste es un beneficio que ya cumple un a\u00f1o desde su funcionamiento, lo cu\u00e1l ha permitido mejorar las condiciones laborales de aquellas madres, padres o tutores que tienen a su cuidado hijos menores de dos a\u00f1os, pero sabemos que constantemente su siguen sumando m\u00e1s trabajadores a la fuerza laboral de nuestra regi\u00f3n, y hacia ellos estamos apuntando nuestras pol\u00edticas, en incentivar el empleo y la incorporaci\u00f3n a este mercado; y en este caso a quienes tienen ni\u00f1os y ni\u00f1as peque\u00f1os, y que se han integrado recientemente al trabajo. Por ello, les instamos a conocer los requisitos y postular hasta el 20 de febrero\u201d.<\/p>\n<p>Hay que precisar que es muy relevante cumplir con ciertos requisitos, principalmente en materia de cotizaciones:<\/p>\n<p><strong>Trabajadoras\/es dependientes<\/strong><strong>\u00e0<\/strong> tener cuatro cotizaciones de seguridad social registradas en los \u00faltimos 12 meses previos a la postulaci\u00f3n, siendo una de estas 4 cotizaciones del mes previo a la postulaci\u00f3n. Ejemplo: Si usted postula en diciembre 2021, debe tener registrada la cotizaci\u00f3n de la remuneraci\u00f3n de noviembre 2021 y al menos otras tres cotizaciones entre diciembre 2020 y octubre 2021.<\/p>\n<p><strong>Trabajadoras\/es independientes<\/strong><strong>\u00e0<\/strong>haber cotizado como independiente en la \u00faltima operaci\u00f3n renta (2021) con aporte de cotizaciones Total o Parcial, o bien, cumplir con cuatro<\/p>\n<p>cotizaciones (salud y AFP) en los \u00faltimos 12 meses, con el \u00faltimo mes cotizado previo a la postulaci\u00f3n.<\/p>\n<p>&nbsp;<\/p>\n<p>No podr\u00e1n acceder al subsidio, personas que:<\/p>\n<ul>\n<li>Se encuentren con licencias prenatal, postnatal y postnatal parental.<\/li>\n<li>Se encuentre haciendo uso del permiso y licencia m\u00e9dica por enfermedad grave del ni\u00f1o menor de un a\u00f1o<\/li>\n<li>Se encuentren haciendo uso del permiso y licencia m\u00e9dica por Ley SANNA.<\/li>\n<li>Est\u00e1n contratadas por una empresa que est\u00e9 obligada a entregar beneficio de sala cuna, por tener contratadas a 20 o m\u00e1s mujeres.<\/li>\n<li>Sean funcionarios en instituciones del sector p\u00fablico.<\/li>\n<\/ul>\n<p>De ser concedido el beneficio, los pagos se realizar\u00e1n los d\u00edas 11 de marzo, 11 de abril y 11 de mayo, o al d\u00eda h\u00e1bil siguiente mediante dep\u00f3sito en la cuenta bancaria inscrita por el\/la postulante. Para m\u00e1s informaci\u00f3n, ingresar a <a href=\"http:\/\/www.subsidioalempleo.cl\">www.subsidioalempleo.cl<\/a>.<\/p>\n<p>&nbsp;<\/p>\n<p>&nbsp;<\/p>\n","protected":false},"excerpt":{"rendered":"<p>Desde su implementaci\u00f3n, a la fecha, se han beneficiado 1.919 trabadoras\/es en la regi\u00f3n, con una inversi\u00f3n de m\u00e1s de 1.500 millones de pesos.<\/p>\n","protected":false},"author":2,"featured_media":6701,"comment_status":"open","ping_status":"open","sticky":false,"template":"","format":"standard","meta":{"footnotes":""},"categories":[3],"tags":[],"class_list":["post-6700","post","type-post","status-publish","format-standard","has-post-thumbnail","hentry","category-actualidad"],"_links":{"self":[{"href":"https:\/\/www.radiolimari.cl\/index.php?rest_route=\/wp\/v2\/posts\/6700","targetHints":{"allow":["GET"]}}],"collection":[{"href":"https:\/\/www.radiolimari.cl\/index.php?rest_route=\/wp\/v2\/posts"}],"about":[{"href":"https:\/\/www.radiolimari.cl\/index.php?rest_route=\/wp\/v2\/types\/post"}],"author":[{"embeddable":true,"href":"https:\/\/www.radiolimari.cl\/index.php?rest_route=\/wp\/v2\/users\/2"}],"replies":[{"embeddable":true,"href":"https:\/\/www.radiolimari.cl\/index.php?rest_route=%2Fwp%2Fv2%2Fcomments&post=6700"}],"version-history":[{"count":1,"href":"https:\/\/www.radiolimari.cl\/index.php?rest_route=\/wp\/v2\/posts\/6700\/revisions"}],"predecessor-version":[{"id":6702,"href":"https:\/\/www.radiolimari.cl\/index.php?rest_route=\/wp\/v2\/posts\/6700\/revisions\/6702"}],"wp:featuredmedia":[{"embeddable":true,"href":"https:\/\/www.radiolimari.cl\/index.php?rest_route=\/wp\/v2\/media\/6701"}],"wp:attachment":[{"href":"https:\/\/www.radiolimari.cl\/index.php?rest_route=%2Fwp%2Fv2%2Fmedia&parent=6700"}],"wp:term":[{"taxonomy":"category","embeddable":true,"href":"https:\/\/www.radiolimari.cl\/index.php?rest_route=%2Fwp%2Fv2%2Fcategories&post=6700"},{"taxonomy":"post_tag","embeddable":true,"href":"https:\/\/www.radiolimari.cl\/index.php?rest_route=%2Fwp%2Fv2%2Ftags&post=6700"}],"curies":[{"name":"wp","href":"https:\/\/api.w.org\/{rel}","templated":true}]}}