{"id":6691,"date":"2022-02-02T13:53:52","date_gmt":"2022-02-02T13:53:52","guid":{"rendered":"http:\/\/www.radiolimari.cl\/?p=6691"},"modified":"2022-02-02T13:55:03","modified_gmt":"2022-02-02T13:55:03","slug":"autoridades-de-monte-patria-verifican-pozos-para-consumo-humano","status":"publish","type":"post","link":"https:\/\/www.radiolimari.cl\/?p=6691","title":{"rendered":"Autoridades en Monte Patria verifican pozos de agua  para consumo humano"},"content":{"rendered":"<p><a href=\"https:\/\/www.radiolimari.cl\/wp-content\/uploads\/2022\/02\/2.2-situacion-la-paloma-monte-patria.jpg\"><img fetchpriority=\"high\" decoding=\"async\" class=\"alignnone size-medium wp-image-6692\" src=\"https:\/\/www.radiolimari.cl\/wp-content\/uploads\/2022\/02\/2.2-situacion-la-paloma-monte-patria-300x225.jpg\" alt=\"2.2 situacion la paloma monte patria\" width=\"300\" height=\"225\" srcset=\"https:\/\/www.radiolimari.cl\/wp-content\/uploads\/2022\/02\/2.2-situacion-la-paloma-monte-patria-300x225.jpg 300w, https:\/\/www.radiolimari.cl\/wp-content\/uploads\/2022\/02\/2.2-situacion-la-paloma-monte-patria-1024x768.jpg 1024w, https:\/\/www.radiolimari.cl\/wp-content\/uploads\/2022\/02\/2.2-situacion-la-paloma-monte-patria.jpg 2048w\" sizes=\"(max-width: 300px) 100vw, 300px\" \/><\/a><\/p>\n<p><span style=\"color: #222222;\">Las autoridades\u00a0 se dirigieron hasta los pozos ubicados en El Palqui para comenzar estudios y habilitarlos para consumo humano.<\/span><!--more--><\/p>\n<p style=\"text-align: justify;\">Tras muchos esfuerzos, gestiones y reuniones por parte del Municipio de Monte Patria, las autoridades del Gobierno Regional de Coquimbo y la Direcci\u00f3n de Obras Hidr\u00e1ulicas del Embalse La Paloma recorrieron junto al alcalde de Monte Patria , Cristian Herrera, pozos que se encuentran ubicados en El Palqui, a fin de conocer el estado de los mismos y agilizar acciones que permitan \u00a0cubrir la demanda en los sistemas de Agua Potable Rural que hoy d\u00eda necesitan con urgencia ayuda para el abastecimiento del recurso h\u00eddrico.<\/p>\n<p style=\"text-align: justify;\">En la oportunidad, la primera autoridad comunal valor\u00f3 que \u201cpor fin despu\u00e9s de tanto tiempo levantando esta demanda, se haya entendido la gravedad de la situaci\u00f3n que estamos viviendo y la urgencia de habilitar estos pozos, que est\u00e1n aqu\u00ed en El Palqui, para el consumo humano y poder de esta manera apoyar a nuestro sistema de Agua Potable Rural y llevar el agua para consumo humano a aquellos habitantes, de los sectores alejados, de nuestra comuna\u201d\u00a0 As\u00ed mismo Herrera se\u00f1al\u00f3 que \u201ctambi\u00e9n lo estamos trabajando de manera conjunta con Combarbal\u00e1 si es que en alg\u00fan minuto tambi\u00e9n lo requirieren\u201d.<\/p>\n<p style=\"text-align: justify;\">Durante las visitas a los pozos la primera autoridad indic\u00f3 que es vital la uni\u00f3n de voluntades y \u201cen ese sentido conversaremos con la empresa sanitaria, un actor s\u00faper importante, la cual va a requerir de agua para poder entregar el suministro a nuestras cabeceras: Cha\u00f1aral Alto, El Palqui y Monte Patria, que tienen concesi\u00f3n a aguas del Valle y ellos tambi\u00e9n nos pueden ayudar en esta habilitaci\u00f3n\u201d.<\/p>\n","protected":false},"excerpt":{"rendered":"<p>Las autoridades\u00a0 se dirigieron hasta los pozos ubicados en El Palqui para comenzar estudios y habilitarlos para consumo humano.<\/p>\n","protected":false},"author":2,"featured_media":6692,"comment_status":"open","ping_status":"open","sticky":false,"template":"","format":"standard","meta":{"footnotes":""},"categories":[5],"tags":[],"class_list":["post-6691","post","type-post","status-publish","format-standard","has-post-thumbnail","hentry","category-actualidad-limarina"],"_links":{"self":[{"href":"https:\/\/www.radiolimari.cl\/index.php?rest_route=\/wp\/v2\/posts\/6691","targetHints":{"allow":["GET"]}}],"collection":[{"href":"https:\/\/www.radiolimari.cl\/index.php?rest_route=\/wp\/v2\/posts"}],"about":[{"href":"https:\/\/www.radiolimari.cl\/index.php?rest_route=\/wp\/v2\/types\/post"}],"author":[{"embeddable":true,"href":"https:\/\/www.radiolimari.cl\/index.php?rest_route=\/wp\/v2\/users\/2"}],"replies":[{"embeddable":true,"href":"https:\/\/www.radiolimari.cl\/index.php?rest_route=%2Fwp%2Fv2%2Fcomments&post=6691"}],"version-history":[{"count":3,"href":"https:\/\/www.radiolimari.cl\/index.php?rest_route=\/wp\/v2\/posts\/6691\/revisions"}],"predecessor-version":[{"id":6695,"href":"https:\/\/www.radiolimari.cl\/index.php?rest_route=\/wp\/v2\/posts\/6691\/revisions\/6695"}],"wp:featuredmedia":[{"embeddable":true,"href":"https:\/\/www.radiolimari.cl\/index.php?rest_route=\/wp\/v2\/media\/6692"}],"wp:attachment":[{"href":"https:\/\/www.radiolimari.cl\/index.php?rest_route=%2Fwp%2Fv2%2Fmedia&parent=6691"}],"wp:term":[{"taxonomy":"category","embeddable":true,"href":"https:\/\/www.radiolimari.cl\/index.php?rest_route=%2Fwp%2Fv2%2Fcategories&post=6691"},{"taxonomy":"post_tag","embeddable":true,"href":"https:\/\/www.radiolimari.cl\/index.php?rest_route=%2Fwp%2Fv2%2Ftags&post=6691"}],"curies":[{"name":"wp","href":"https:\/\/api.w.org\/{rel}","templated":true}]}}