{"id":6682,"date":"2022-02-01T18:56:55","date_gmt":"2022-02-01T18:56:55","guid":{"rendered":"http:\/\/www.radiolimari.cl\/?p=6682"},"modified":"2022-02-01T18:56:55","modified_gmt":"2022-02-01T18:56:55","slug":"consejeros-regionales-solicitaran-a-gobernadora-un-pronunciamiento-por-plan-de-apoyo-al-sector-pisquero","status":"publish","type":"post","link":"https:\/\/www.radiolimari.cl\/?p=6682","title":{"rendered":"Consejeros Regionales solicitar\u00e1n a Gobernadora un pronunciamiento por Plan de apoyo al sector pisquero"},"content":{"rendered":"<p><a href=\"https:\/\/www.radiolimari.cl\/wp-content\/uploads\/2022\/02\/1.1-gore.jpeg\"><img fetchpriority=\"high\" decoding=\"async\" class=\"alignnone size-medium wp-image-6683\" src=\"https:\/\/www.radiolimari.cl\/wp-content\/uploads\/2022\/02\/1.1-gore-300x168.jpeg\" alt=\"1.1 gore\" width=\"300\" height=\"168\" srcset=\"https:\/\/www.radiolimari.cl\/wp-content\/uploads\/2022\/02\/1.1-gore-300x168.jpeg 300w, https:\/\/www.radiolimari.cl\/wp-content\/uploads\/2022\/02\/1.1-gore-1024x576.jpeg 1024w, https:\/\/www.radiolimari.cl\/wp-content\/uploads\/2022\/02\/1.1-gore.jpeg 1280w\" sizes=\"(max-width: 300px) 100vw, 300px\" \/><\/a><\/p>\n<p>El programa \u201cDifusi\u00f3n Competitividad y Promoci\u00f3n Comercial de la Categor\u00eda Pisco, Regi\u00f3n de Coquimbo\u201d se aprob\u00f3 en junio de 2021 con una inversi\u00f3n de $2.077 millones, y Dipres ya aprob\u00f3 la destinaci\u00f3n de recursos tras gestiones de los equipos t\u00e9cnicos del GORE en Santiago.<!--more--><\/p>\n<p>Preocupaci\u00f3n ha generado en el sector pisquero el avance del programa \u201cDifusi\u00f3n Competitividad y Promoci\u00f3n Comercial de la Categor\u00eda Pisco, Regi\u00f3n de Coquimbo, aprobado en junio pasado. Iniciativa que nace tras a\u00f1os de trabajo entre productores, gobierno regional, parlamentarios y actores relacionados.<\/p>\n<p>Sin embargo, la iniciativa ha enfrentado dificultares en el proceso de priorizaci\u00f3n presupuestaria, por lo que los consejeros regionales, tras analizar la iniciativa en detalle en la comisi\u00f3n de Fomento Productivo del CORE, acordaron solicitar a la Gobernadora Krist Naranjo su pronunciamiento sobre la iniciativa.<\/p>\n<p>Como detall\u00f3 la presidenta de la comisi\u00f3n, Dinka Herrera, \u201cde acuerdo a los antecedentes que se nos entreg\u00f3 en comisi\u00f3n, existe la disposici\u00f3n de apoyar la implementaci\u00f3n del programa durante el a\u00f1o 2022, por eso, el acuerdo de la comisi\u00f3n fue oficiar a la Gobernadora para que ella se pueda pronunciar formalmente y, de esta forma, entregar el apoyo directo a este producto tan importante para la regi\u00f3n\u201d.<\/p>\n<p>Un programa que se extender\u00eda hasta 2024 y cuya inversi\u00f3n supera los $2.077 millones, para ser ejecutados en 24 meses a trav\u00e9s de difusi\u00f3n y promoci\u00f3n comercial mediante acciones como misiones comerciales, ruedas de negocios, showrooms y masterclass, trabajo con agencias y redes sociales, participaci\u00f3n en ferias internacionales y publicaciones en medios de prensa, entre otras.<\/p>\n<p>Este trabajo cuenta con presupuesto adicional destinado por parte de la Direcci\u00f3n de Presupuesto (Dipres) para 2021 \u2013 2022. En octubre de 2021 la Gobernadora ofici\u00f3 a Dipres para solicitar financiamiento para el programa, teniendo respuesta el 29 de diciembre, donde se se\u00f1ala \u201cpara dar cumplimiento a este programa se destinar\u00e1n durante 2022recursos adicionales provenientes del saldo inicial de caja de los Gobiernos Regionales, para financiar un monto equivalente a $500 millones, de acuerdo a lo acordado con el equipo t\u00e9cnico del GORE\u201d.<\/p>\n<p>Para el consejero y vicepresidente de la comisi\u00f3n de fomento, Cristian Rondanelli, \u201ceste es un programa en que se viene trabajando hace a\u00f1os atr\u00e1s y que hoy podr\u00eda ser realidad. Dipres ya anunci\u00f3 que de los fondos de arrastre 2021 va a asignar $500 millones para ejecutarlos este 2022, lo que es una noticia bastante buena, donde hay mucha expectativa por parte del sector pisquero, que hoy est\u00e1 viviendo una situaci\u00f3n muy compleja debido a la sequ\u00eda. Es importante buscar nuevos mercados y alianzas estrat\u00e9gicas que nos permitan llegar con este producto tan identitario localmente y parte importante del desarrollo de nuestra regi\u00f3n\u201d.<\/p>\n<p>El consejero puntualiz\u00f3 que la industria del pisco financia el FNDR anualmente con sus aportes al erario nacional a trav\u00e9s de la carga impositiva que se genera a trav\u00e9s de este sector productivo. \u201cHoy le estamos pidiendo un pronunciamiento oficial a la Gobernadora de su voluntad para sacar adelante este proyecto, o no. Ya no necesitamos seguir alargando esto, necesitamos sacarlo adelante ahora ya\u201d, finaliz\u00f3 el consejero.<\/p>\n<p>&nbsp;<\/p>\n","protected":false},"excerpt":{"rendered":"<p>El programa \u201cDifusi\u00f3n Competitividad y Promoci\u00f3n Comercial de la Categor\u00eda Pisco, Regi\u00f3n de Coquimbo\u201d se aprob\u00f3 en junio de 2021 con una inversi\u00f3n de $2.077 millones, y Dipres ya aprob\u00f3 la destinaci\u00f3n de recursos tras gestiones de los equipos t\u00e9cnicos del GORE en Santiago.<\/p>\n","protected":false},"author":2,"featured_media":6683,"comment_status":"open","ping_status":"open","sticky":false,"template":"","format":"standard","meta":{"footnotes":""},"categories":[6],"tags":[],"class_list":["post-6682","post","type-post","status-publish","format-standard","has-post-thumbnail","hentry","category-regionales"],"_links":{"self":[{"href":"https:\/\/www.radiolimari.cl\/index.php?rest_route=\/wp\/v2\/posts\/6682","targetHints":{"allow":["GET"]}}],"collection":[{"href":"https:\/\/www.radiolimari.cl\/index.php?rest_route=\/wp\/v2\/posts"}],"about":[{"href":"https:\/\/www.radiolimari.cl\/index.php?rest_route=\/wp\/v2\/types\/post"}],"author":[{"embeddable":true,"href":"https:\/\/www.radiolimari.cl\/index.php?rest_route=\/wp\/v2\/users\/2"}],"replies":[{"embeddable":true,"href":"https:\/\/www.radiolimari.cl\/index.php?rest_route=%2Fwp%2Fv2%2Fcomments&post=6682"}],"version-history":[{"count":1,"href":"https:\/\/www.radiolimari.cl\/index.php?rest_route=\/wp\/v2\/posts\/6682\/revisions"}],"predecessor-version":[{"id":6684,"href":"https:\/\/www.radiolimari.cl\/index.php?rest_route=\/wp\/v2\/posts\/6682\/revisions\/6684"}],"wp:featuredmedia":[{"embeddable":true,"href":"https:\/\/www.radiolimari.cl\/index.php?rest_route=\/wp\/v2\/media\/6683"}],"wp:attachment":[{"href":"https:\/\/www.radiolimari.cl\/index.php?rest_route=%2Fwp%2Fv2%2Fmedia&parent=6682"}],"wp:term":[{"taxonomy":"category","embeddable":true,"href":"https:\/\/www.radiolimari.cl\/index.php?rest_route=%2Fwp%2Fv2%2Fcategories&post=6682"},{"taxonomy":"post_tag","embeddable":true,"href":"https:\/\/www.radiolimari.cl\/index.php?rest_route=%2Fwp%2Fv2%2Ftags&post=6682"}],"curies":[{"name":"wp","href":"https:\/\/api.w.org\/{rel}","templated":true}]}}