{"id":6678,"date":"2022-01-31T19:26:05","date_gmt":"2022-01-31T19:26:05","guid":{"rendered":"http:\/\/www.radiolimari.cl\/?p=6678"},"modified":"2022-01-31T19:26:05","modified_gmt":"2022-01-31T19:26:05","slug":"tasa-de-desocupacion-presenta-disminucion-anual-y-marca-98-en-el-trimestre-octubre-diciembre-2021","status":"publish","type":"post","link":"https:\/\/www.radiolimari.cl\/?p=6678","title":{"rendered":"Tasa de Desocupaci\u00f3n presenta disminuci\u00f3n anual y marca 9,8%  en el trimestre octubre-diciembre 2021"},"content":{"rendered":"<p><a href=\"https:\/\/www.radiolimari.cl\/wp-content\/uploads\/2022\/01\/31.1-empleo.jpeg\"><img fetchpriority=\"high\" decoding=\"async\" class=\"alignnone size-medium wp-image-6679\" src=\"https:\/\/www.radiolimari.cl\/wp-content\/uploads\/2022\/01\/31.1-empleo-300x225.jpeg\" alt=\"31.1 empleo\" width=\"300\" height=\"225\" srcset=\"https:\/\/www.radiolimari.cl\/wp-content\/uploads\/2022\/01\/31.1-empleo-300x225.jpeg 300w, https:\/\/www.radiolimari.cl\/wp-content\/uploads\/2022\/01\/31.1-empleo-1024x768.jpeg 1024w, https:\/\/www.radiolimari.cl\/wp-content\/uploads\/2022\/01\/31.1-empleo.jpeg 1280w\" sizes=\"(max-width: 300px) 100vw, 300px\" \/><\/a><\/p>\n<p><strong><em>Sector Minero y Construcci\u00f3n son las \u00e1reas que m\u00e1s aportan en la creaci\u00f3n de nuevos puestos de trabajos.<\/em><\/strong><!--more--><\/p>\n<p>Un descenso anual de 2,8 puntos porcentuales (pp) present\u00f3 la Tasa de Desocupaci\u00f3n regional situ\u00e1ndose en un 9,8% en el trimestre octubre \u2013 diciembre de 2021, producto de que el alza en el n\u00famero de ocupados fue mayor a la presentada por la fuerza de trabajo.<\/p>\n<p>Al respecto el delegado presidencial, Ignacio Pinto, destac\u00f3 el descenso en la Tasa de Desocupaci\u00f3n y manifest\u00f3 que \u201cha sido un a\u00f1o complejo donde como Gobierno hemos puesto a disposici\u00f3n una serie de herramientas que incentivaron la creaci\u00f3n del empleo formal y nel retorno de trabajadores a sus lugares de trabajo, siempre priorizando las condiciones sanitarias que permitieran resguardar la salud y seguridad de los trabajadores. Nuestro compromiso es continuar propiciando las condiciones que permitan seguir recuperando los empleos que se han perdido en pandemia, de tal forma que las personas que se encuentren buscando empleo puedan acceder a uno para mejor su calidad de vida y la de sus familias\u201d.<\/p>\n<p>Seg\u00fan lo informado por el Instituto Nacional de Estad\u00edsticas (INE) los Ocupados aumentaron un 6,7% 21.350 personas se incorporaron a un nuevo empleo, totalizando 337.680 personas, registrando el octavo aumento consecutivo. El aumento de los ocupados fue liderado principalmente por las categor\u00edas ocupacionales asalariados formales (12,8%), trabajadores por cuenta propia (6,7%) y personal de servicio dom\u00e9stico (64,9%).<\/p>\n<p>En este sentido Seremi del Trabajo, Mat\u00edas Villalobos, explic\u00f3 que \u201chay que destacar que en los \u00faltimos doce meses se recuperaron m\u00e1s de 21 mil empleos, donde mayoritariamente corresponden a trabajos asalariados en el sector privado lo que es una muy buena se\u00f1al para el empleo regional. Sabemos que todav\u00eda hay mucho por avanzar para poder llegar a cifras prepandemia, pero son \u00edndices positivos que nos dan luces que las diferentes herramientas y pol\u00edticas p\u00fablicas implementadas por el gobierno del presidente Sebasti\u00e1n Pi\u00f1era, como los Subsidios al empleo y el IFE Laboral, entre otros, han dado buenos resultados\u201d.<\/p>\n<p>Por su parte los Desocupados descendieron 19,0% presentando el d\u00e9cimo descenso de forma consecutiva.<\/p>\n<p>Respecto a las \u00e1reas econ\u00f3micas que m\u00e1s han aportado a la creaci\u00f3n de empleo destaca Construcci\u00f3n con aumento de un 28,8% con 7290 nuevos empleos, presentando el sexto periodo consecutivo al alza. Tambi\u00e9n se suma el sector Minero con un crecimiento de 22% creando 6300 nuevos puestos de trabajo.<\/p>\n<p>&nbsp;<\/p>\n","protected":false},"excerpt":{"rendered":"<p>Sector Minero y Construcci\u00f3n son las \u00e1reas que m\u00e1s aportan en la creaci\u00f3n de nuevos puestos de trabajos.<\/p>\n","protected":false},"author":2,"featured_media":6679,"comment_status":"open","ping_status":"open","sticky":false,"template":"","format":"standard","meta":{"footnotes":""},"categories":[3],"tags":[],"class_list":["post-6678","post","type-post","status-publish","format-standard","has-post-thumbnail","hentry","category-actualidad"],"_links":{"self":[{"href":"https:\/\/www.radiolimari.cl\/index.php?rest_route=\/wp\/v2\/posts\/6678","targetHints":{"allow":["GET"]}}],"collection":[{"href":"https:\/\/www.radiolimari.cl\/index.php?rest_route=\/wp\/v2\/posts"}],"about":[{"href":"https:\/\/www.radiolimari.cl\/index.php?rest_route=\/wp\/v2\/types\/post"}],"author":[{"embeddable":true,"href":"https:\/\/www.radiolimari.cl\/index.php?rest_route=\/wp\/v2\/users\/2"}],"replies":[{"embeddable":true,"href":"https:\/\/www.radiolimari.cl\/index.php?rest_route=%2Fwp%2Fv2%2Fcomments&post=6678"}],"version-history":[{"count":1,"href":"https:\/\/www.radiolimari.cl\/index.php?rest_route=\/wp\/v2\/posts\/6678\/revisions"}],"predecessor-version":[{"id":6680,"href":"https:\/\/www.radiolimari.cl\/index.php?rest_route=\/wp\/v2\/posts\/6678\/revisions\/6680"}],"wp:featuredmedia":[{"embeddable":true,"href":"https:\/\/www.radiolimari.cl\/index.php?rest_route=\/wp\/v2\/media\/6679"}],"wp:attachment":[{"href":"https:\/\/www.radiolimari.cl\/index.php?rest_route=%2Fwp%2Fv2%2Fmedia&parent=6678"}],"wp:term":[{"taxonomy":"category","embeddable":true,"href":"https:\/\/www.radiolimari.cl\/index.php?rest_route=%2Fwp%2Fv2%2Fcategories&post=6678"},{"taxonomy":"post_tag","embeddable":true,"href":"https:\/\/www.radiolimari.cl\/index.php?rest_route=%2Fwp%2Fv2%2Ftags&post=6678"}],"curies":[{"name":"wp","href":"https:\/\/api.w.org\/{rel}","templated":true}]}}