{"id":6675,"date":"2022-01-31T18:42:07","date_gmt":"2022-01-31T18:42:07","guid":{"rendered":"http:\/\/www.radiolimari.cl\/?p=6675"},"modified":"2022-01-31T18:42:07","modified_gmt":"2022-01-31T18:42:07","slug":"mas-de-70-mil-pensionados-de-la-region-de-coquimbo-comenzaran-a-recibir-la-pension-garantizada-universal-en-febrero","status":"publish","type":"post","link":"https:\/\/www.radiolimari.cl\/?p=6675","title":{"rendered":"M\u00e1s de 70 mil pensionados de la regi\u00f3n de Coquimbo comenzar\u00e1n a recibir la Pensi\u00f3n Garantizada Universal en febrero"},"content":{"rendered":"<p><a href=\"https:\/\/www.radiolimari.cl\/wp-content\/uploads\/2022\/01\/31.1-PGU-trabajo.jpg\"><img fetchpriority=\"high\" decoding=\"async\" class=\"alignnone size-medium wp-image-6676\" src=\"https:\/\/www.radiolimari.cl\/wp-content\/uploads\/2022\/01\/31.1-PGU-trabajo-300x225.jpg\" alt=\"31.1 PGU trabajo\" width=\"300\" height=\"225\" srcset=\"https:\/\/www.radiolimari.cl\/wp-content\/uploads\/2022\/01\/31.1-PGU-trabajo-300x225.jpg 300w, https:\/\/www.radiolimari.cl\/wp-content\/uploads\/2022\/01\/31.1-PGU-trabajo-1024x768.jpg 1024w, https:\/\/www.radiolimari.cl\/wp-content\/uploads\/2022\/01\/31.1-PGU-trabajo.jpg 1600w\" sizes=\"(max-width: 300px) 100vw, 300px\" \/><\/a><\/p>\n<p><strong><em>La medida considera un aporte m\u00e1ximo de $185.000 en las pensiones de todos los adultos mayores de 65 a\u00f1os, jubilados o no, y que no se encuentren en el 10% con mayores ingresos.<\/em><\/strong><!--more--><\/p>\n<p>Con el acto promulgaci\u00f3n, por parte del presidente Sebasti\u00e1n Pi\u00f1era, la ley que crea la Pensi\u00f3n Garantizada Universal es una realidad. Beneficio que sustituye a los actuales beneficios del Pilar Solidario, tanto a la Pensi\u00f3n B\u00e1sica Solidaria Vejez como al Aporte Previsional Solidario de Vejez.<\/p>\n<p>En un encuentro con representantes de adultos mayores de la regi\u00f3n, el Delegado Presidencial acompa\u00f1ado del Seremi del Trabajo dieron a conocer los detalles del nuevo beneficio.<\/p>\n<p>Al respecto el Delegado Presidencial (s), Iv\u00e1n Espinoza, coment\u00f3 que \u201cHa sido una constante de este gobierno de ir mejorando gradualmente las pensiones de los adultos mayores. Hoy se ve reflejado una madurez a nivel pol\u00edtico, donde hemos conseguido aprobar pr\u00e1cticamente por unanimidad esta ley tan importante y con un beneficio de forma permanente para los adultos mayores y que era tan anhelada por ellos. Realmente es un hito para nuestro pa\u00eds y creemos que en definitiva lo va agradecer cada una de las personas que van a recibir este beneficio\u201d.<\/p>\n<p>Este nuevo beneficio reemplaza los actuales beneficios del Pilar Solidario, tanto a la Pensi\u00f3n B\u00e1sica Solidaria Vejez como al Aporte Previsional Solidario de Vejez. Esto significa que todos los actuales beneficiarios del Pilar Solidario de vejez dejar\u00e1n de recibir esos beneficios, y comenzar\u00e1n a recibir la Pensi\u00f3n Garantizada Universal que considera un aporte m\u00e1ximo de $185.000 en las pensiones de todos los adultos mayores de 65 a\u00f1os, jubilados o no<\/p>\n<p>En este sentido el Seremi del Trabajo y Previsi\u00f3n Social, Mat\u00edas Villalobos, explic\u00f3 que \u201cen la regi\u00f3n de Coquimbo son m\u00e1s de 70 mil pensionados del Pilar solidario que dentro de las pr\u00f3ximas semanas ya debiesen a comenzar a recibir el pago de su Pensi\u00f3n Garantizada Universal. Estamos muy contentos por esta gran noticia que sigue mejorando las pensiones de los actuales y de los futuros pensionados\u201d.<\/p>\n<p>\u201cRecordemos que el a\u00f1o 2019 fue la reforma al Pilar Solidario donde se aumentaron las pensiones en un 50%, y ahora cerrando estos cuatro a\u00f1os de gobierno del presidente Pi\u00f1era podemos finalizar con la satisfacci\u00f3n de tener una PGU que va a cerca de 2,5 millones de personas mayores de 65 a\u00f1os y complementar\u00e1 el ahorro previsional individual\u201d, agreg\u00f3 Mat\u00edas Villalobos.<\/p>\n<p>Delicia Fern\u00e1ndez, presidenta de la Uni\u00f3n Comunal de Adultos Mayores de Ovalle, destac\u00f3 la implementaci\u00f3n de la ley y manifest\u00f3 que \u201ces una muy buena noticia y esperada a la vez porque siempre se nos ofrec\u00eda, pero nunca se hac\u00eda realidad. Agradecida del gobierno de que nos deje este beneficio de aumentar las pensiones principalmente a los adultos mayores\u201d.<\/p>\n<p>La nueva PGU la podr\u00e1n recibir pensionados, bajo cualquier modalidad de pensi\u00f3n, y adultos mayores que se encuentren laboralmente activos, sin la necesidad de pensionarse o estar afiliados a alg\u00fan r\u00e9gimen previsional que no pertenece al 10% m\u00e1s rico de la poblaci\u00f3n de 65 a\u00f1os o m\u00e1s.<\/p>\n<p>Las personas que se incorporan a este beneficio se podr\u00e1n registrar en el Instituto de Previsi\u00f3n Social y, a partir del viernes 18 de febrero comenzar\u00e1 el pago de la PGU para quienes pertenecen al actual Pilar Solidario.<\/p>\n","protected":false},"excerpt":{"rendered":"<p>La medida considera un aporte m\u00e1ximo de $185.000 en las pensiones de todos los adultos mayores de 65 a\u00f1os, jubilados o no, y que no se encuentren en el 10% con mayores ingresos.<\/p>\n","protected":false},"author":2,"featured_media":6676,"comment_status":"open","ping_status":"open","sticky":false,"template":"","format":"standard","meta":{"footnotes":""},"categories":[6],"tags":[],"class_list":["post-6675","post","type-post","status-publish","format-standard","has-post-thumbnail","hentry","category-regionales"],"_links":{"self":[{"href":"https:\/\/www.radiolimari.cl\/index.php?rest_route=\/wp\/v2\/posts\/6675","targetHints":{"allow":["GET"]}}],"collection":[{"href":"https:\/\/www.radiolimari.cl\/index.php?rest_route=\/wp\/v2\/posts"}],"about":[{"href":"https:\/\/www.radiolimari.cl\/index.php?rest_route=\/wp\/v2\/types\/post"}],"author":[{"embeddable":true,"href":"https:\/\/www.radiolimari.cl\/index.php?rest_route=\/wp\/v2\/users\/2"}],"replies":[{"embeddable":true,"href":"https:\/\/www.radiolimari.cl\/index.php?rest_route=%2Fwp%2Fv2%2Fcomments&post=6675"}],"version-history":[{"count":1,"href":"https:\/\/www.radiolimari.cl\/index.php?rest_route=\/wp\/v2\/posts\/6675\/revisions"}],"predecessor-version":[{"id":6677,"href":"https:\/\/www.radiolimari.cl\/index.php?rest_route=\/wp\/v2\/posts\/6675\/revisions\/6677"}],"wp:featuredmedia":[{"embeddable":true,"href":"https:\/\/www.radiolimari.cl\/index.php?rest_route=\/wp\/v2\/media\/6676"}],"wp:attachment":[{"href":"https:\/\/www.radiolimari.cl\/index.php?rest_route=%2Fwp%2Fv2%2Fmedia&parent=6675"}],"wp:term":[{"taxonomy":"category","embeddable":true,"href":"https:\/\/www.radiolimari.cl\/index.php?rest_route=%2Fwp%2Fv2%2Fcategories&post=6675"},{"taxonomy":"post_tag","embeddable":true,"href":"https:\/\/www.radiolimari.cl\/index.php?rest_route=%2Fwp%2Fv2%2Ftags&post=6675"}],"curies":[{"name":"wp","href":"https:\/\/api.w.org\/{rel}","templated":true}]}}