{"id":6672,"date":"2022-01-28T19:21:04","date_gmt":"2022-01-28T19:21:04","guid":{"rendered":"http:\/\/www.radiolimari.cl\/?p=6672"},"modified":"2022-01-28T19:21:04","modified_gmt":"2022-01-28T19:21:04","slug":"en-monte-patria-un-techo-chile-construira-20-viviendas-de-emergencia","status":"publish","type":"post","link":"https:\/\/www.radiolimari.cl\/?p=6672","title":{"rendered":"En Monte Patria  un Techo-Chile construir\u00e1 20 viviendas de emergencia"},"content":{"rendered":"<p><a href=\"https:\/\/www.radiolimari.cl\/wp-content\/uploads\/2022\/01\/28.1-techo-para-chile-m-patria.jpg\"><img fetchpriority=\"high\" decoding=\"async\" class=\"alignnone size-medium wp-image-6673\" src=\"https:\/\/www.radiolimari.cl\/wp-content\/uploads\/2022\/01\/28.1-techo-para-chile-m-patria-300x224.jpg\" alt=\"28.1 techo para chile m patria\" width=\"300\" height=\"224\" srcset=\"https:\/\/www.radiolimari.cl\/wp-content\/uploads\/2022\/01\/28.1-techo-para-chile-m-patria-300x224.jpg 300w, https:\/\/www.radiolimari.cl\/wp-content\/uploads\/2022\/01\/28.1-techo-para-chile-m-patria.jpg 828w\" sizes=\"(max-width: 300px) 100vw, 300px\" \/><\/a><\/p>\n<p><strong>La fundaci\u00f3n, que lleva 25 a\u00f1os al servicio de las comunidades vulnerables, estar\u00e1 hasta el 03 de febrero ayudando a familias de 10 localidades montepatrinas<\/strong><!--more--><\/p>\n<p>Luego de estar dos a\u00f1os alejados de la acci\u00f3n social debido a los embates de la pandemia, este verano Techo Chile retorn\u00f3 a sus actividades y lo hizo en la comuna de Monte Patria. La iniciativa que cumple 25 a\u00f1os de existencia convoc\u00f3 a m\u00e1s de 70 voluntarios que est\u00e1n repartidos por distintos puntos de la comuna, trayendo la esperanza a decenas de familias vulnerables.<\/p>\n<p>La organizaci\u00f3n planea construir 20 viviendas sociales en la comuna con el fin de dar soluci\u00f3n a las necesidades habitacionales de los grupos m\u00e1s despose\u00eddos. La directora regional de Techo Coquimbo, Paula Fuentes, destac\u00f3 la labor que realizan los j\u00f3venes que se unen como voluntarios en los trabajos de verano y se refiri\u00f3 a la iniciativa como una oportunidad para la zona. \u201c\u00bfQu\u00e9 mejor que poder volver a la comuna de Monte Patria? Hace un par de a\u00f1os hicimos unos trabajos m\u00e1s peque\u00f1os donde tuvimos una excelente experiencia y lo m\u00e1s importante es que podamos llegar a territorios donde muchas veces no podemos llegar\u201d.<\/p>\n<p>De igual forma Fuentes destac\u00f3 que \u201choy d\u00eda el d\u00e9ficit habitacional a nivel nacional es impactante. Tenemos que hacernos cargo de eso y es por lo mismo que los trabajos de verano son importantes, para dar una soluci\u00f3n transitoria a las familias que m\u00e1s lo sufren\u201d.<\/p>\n<p>Cabe destacar que a nivel regional, la comuna de Monte Patria es una de las zonas mayormente beneficiadas con esta obra, la cual, sin la ayuda de la gesti\u00f3n de su alcalde, Cristian Herrera, no podr\u00eda haberse concretado, trayendo as\u00ed una soluci\u00f3n provisoria a las familias montepatrinas.\u00a0 \u201cCreemos que el trabajo colaborativo da buenos frutos y qui\u00e9n sale beneficiado de estos trabajos siempre es la comunidad. Le damos las gracias a Techo que haya elegido a Monte Patria para construir 20 viviendas que, sin duda, ser\u00e1 una mejora en distintos sectores de nuestra comuna\u201d, indic\u00f3 la primera autoridad comunal.<\/p>\n<p>Asimismo, el edil manifest\u00f3 que se encuentra en conversaciones con la fundaci\u00f3n para incluir otros operativos que beneficiar\u00edan a los habitantes de la zona. \u201cNosotros sabemos que hay m\u00e1s necesidades y es por eso que hemos estado en conversaciones con la organizaci\u00f3n para ver la posibilidad de que volvieran en \u00e9poca de invierno con operativos m\u00e9dicos tambi\u00e9n, porque creemos que, si nos vamos colaborando entre todos, la comunidad montepatrina es la que gana\u201d.<\/p>\n<p>Seg\u00fan los datos recopilados por Techo-Chile, se estima que actualmente son 500 mil las personas que no tienen una vivienda digna. Es por ello que los voluntarios de Techo provenientes de las regiones de Atacama y Coquimbo estar\u00e1n desplegados por sectores como Laguna Verde, Jara o Laja, El Palqui, Huana, Chilecito, El Mait\u00e9n, Tulahu\u00e9n entre otros hasta el 03 de febrero.<\/p>\n<p>Carolina Orobari, jefa de cuadrilla de voluntarios, indic\u00f3 que \u201cha sido una jornada calurosa, pero hemos estado trabajando bien, con los tiempos que tenemos previstos para tenerla lista\u201d. Adem\u00e1s, agreg\u00f3 que \u201chab\u00edamos trabajado en campamentos, pero hacerlo aqu\u00ed en sectores rurales, ha sido una experiencia distinta\u201d.<\/p>\n<p>La idea de Techo es poder llegar a los rincones m\u00e1s alejados de la comuna y trabajar con las comunidades en la mejora de condiciones de vivienda y h\u00e1bitat, a trav\u00e9s del dise\u00f1o, gesti\u00f3n y construcci\u00f3n de proyectos de vivienda, acceso a servicios b\u00e1sicos e infraestructura comunitaria, en acci\u00f3n conjunta entre pobladores y voluntarios. Ante esta ayuda, los beneficiarios de las nuevas viviendas expresaron su emoci\u00f3n. Herman Cort\u00e9s, habitante de Chilecito, es uno de ellos quien ha visto como poco a poco va tomando forma el trabajo de estos j\u00f3venes quien dijo estar \u201cfeliz por haber obtenido este beneficio, que tambi\u00e9n ayudar\u00e1 a muchas familias\u201d.<\/p>\n","protected":false},"excerpt":{"rendered":"<p>La fundaci\u00f3n, que lleva 25 a\u00f1os al servicio de las comunidades vulnerables, estar\u00e1 hasta el 03 de febrero ayudando a familias de 10 localidades montepatrinas<\/p>\n","protected":false},"author":2,"featured_media":6673,"comment_status":"open","ping_status":"open","sticky":false,"template":"","format":"standard","meta":{"footnotes":""},"categories":[3],"tags":[],"class_list":["post-6672","post","type-post","status-publish","format-standard","has-post-thumbnail","hentry","category-actualidad"],"_links":{"self":[{"href":"https:\/\/www.radiolimari.cl\/index.php?rest_route=\/wp\/v2\/posts\/6672","targetHints":{"allow":["GET"]}}],"collection":[{"href":"https:\/\/www.radiolimari.cl\/index.php?rest_route=\/wp\/v2\/posts"}],"about":[{"href":"https:\/\/www.radiolimari.cl\/index.php?rest_route=\/wp\/v2\/types\/post"}],"author":[{"embeddable":true,"href":"https:\/\/www.radiolimari.cl\/index.php?rest_route=\/wp\/v2\/users\/2"}],"replies":[{"embeddable":true,"href":"https:\/\/www.radiolimari.cl\/index.php?rest_route=%2Fwp%2Fv2%2Fcomments&post=6672"}],"version-history":[{"count":1,"href":"https:\/\/www.radiolimari.cl\/index.php?rest_route=\/wp\/v2\/posts\/6672\/revisions"}],"predecessor-version":[{"id":6674,"href":"https:\/\/www.radiolimari.cl\/index.php?rest_route=\/wp\/v2\/posts\/6672\/revisions\/6674"}],"wp:featuredmedia":[{"embeddable":true,"href":"https:\/\/www.radiolimari.cl\/index.php?rest_route=\/wp\/v2\/media\/6673"}],"wp:attachment":[{"href":"https:\/\/www.radiolimari.cl\/index.php?rest_route=%2Fwp%2Fv2%2Fmedia&parent=6672"}],"wp:term":[{"taxonomy":"category","embeddable":true,"href":"https:\/\/www.radiolimari.cl\/index.php?rest_route=%2Fwp%2Fv2%2Fcategories&post=6672"},{"taxonomy":"post_tag","embeddable":true,"href":"https:\/\/www.radiolimari.cl\/index.php?rest_route=%2Fwp%2Fv2%2Ftags&post=6672"}],"curies":[{"name":"wp","href":"https:\/\/api.w.org\/{rel}","templated":true}]}}