{"id":6669,"date":"2022-01-28T15:48:03","date_gmt":"2022-01-28T15:48:03","guid":{"rendered":"http:\/\/www.radiolimari.cl\/?p=6669"},"modified":"2022-01-28T15:48:03","modified_gmt":"2022-01-28T15:48:03","slug":"delegacion-presidencial-provincial-de-limari-presenta-querella-por-homicidio-de-padre-e-hija-en-ovalle","status":"publish","type":"post","link":"https:\/\/www.radiolimari.cl\/?p=6669","title":{"rendered":"Delegaci\u00f3n Presidencial Provincial de Limar\u00ed presenta querella por homicidio de padre e hija en Ovalle"},"content":{"rendered":"<p><a href=\"https:\/\/www.radiolimari.cl\/wp-content\/uploads\/2022\/01\/28.1-QUERELLA-1.jpeg\"><img fetchpriority=\"high\" decoding=\"async\" class=\"alignnone size-medium wp-image-6670\" src=\"https:\/\/www.radiolimari.cl\/wp-content\/uploads\/2022\/01\/28.1-QUERELLA-1-300x199.jpeg\" alt=\"28.1 QUERELLA (1)\" width=\"300\" height=\"199\" srcset=\"https:\/\/www.radiolimari.cl\/wp-content\/uploads\/2022\/01\/28.1-QUERELLA-1-300x199.jpeg 300w, https:\/\/www.radiolimari.cl\/wp-content\/uploads\/2022\/01\/28.1-QUERELLA-1-1024x680.jpeg 1024w, https:\/\/www.radiolimari.cl\/wp-content\/uploads\/2022\/01\/28.1-QUERELLA-1.jpeg 1280w\" sizes=\"(max-width: 300px) 100vw, 300px\" \/><\/a><\/p>\n<p><strong><em>Instituci\u00f3n de Gobierno realiza acciones legales por este caso de gran connotaci\u00f3n p\u00fablica.<\/em><\/strong><!--more--><\/p>\n<p>La Delegaci\u00f3n Presidencial Provincial de Limar\u00ed ha presentado una querella criminal ante el Juzgado de Garant\u00eda de Ovalle, contra todos quienes resulten responsables, como autores, c\u00f3mplices o encubridores del delito de homicidio, en car\u00e1cter de reiterado, perpetrado el d\u00eda 23 de enero de este a\u00f1o, en la comuna de Ovalle, que terminaron con la vida de la menor de 6 a\u00f1os de iniciales A.T.C.A. y su padre Jhans Ceballos Ite. La querella fue declarada admisible por el mencionado tribunal, en este caso de gran connotaci\u00f3n p\u00fablica y conocido a nivel a nacional.<\/p>\n<p>Al respecto el delegado presidencial Iv\u00e1n Espinoza indic\u00f3 que \u201cla normativa vigente nos autoriza para accionar penalmente en esta causa, puesto que el delito denunciado, adem\u00e1s de vulnerar el bien m\u00e1s importante y protegido de nuestro ordenamiento jur\u00eddico, como es la vida de las personas, tambi\u00e9n, afecta la seguridad p\u00fablica.\u00a0 Este hecho que termin\u00f3 con la vida de dos personas, entre ellas una menor de edad, que fueron perseguidas en la v\u00eda p\u00fablica y posteriormente atacadas con un arma de fuego. Estas acciones pusieron en riesgo tambi\u00e9n la integridad f\u00edsica de un gran n\u00famero de personas que transitaban por el lugar y que se encontraban presentes al momento del ataque\u201d.<\/p>\n<p>&nbsp;<\/p>\n","protected":false},"excerpt":{"rendered":"<p>Instituci\u00f3n de Gobierno realiza acciones legales por este caso de gran connotaci\u00f3n p\u00fablica.<\/p>\n","protected":false},"author":2,"featured_media":6670,"comment_status":"open","ping_status":"open","sticky":false,"template":"","format":"standard","meta":{"footnotes":""},"categories":[5],"tags":[],"class_list":["post-6669","post","type-post","status-publish","format-standard","has-post-thumbnail","hentry","category-actualidad-limarina"],"_links":{"self":[{"href":"https:\/\/www.radiolimari.cl\/index.php?rest_route=\/wp\/v2\/posts\/6669","targetHints":{"allow":["GET"]}}],"collection":[{"href":"https:\/\/www.radiolimari.cl\/index.php?rest_route=\/wp\/v2\/posts"}],"about":[{"href":"https:\/\/www.radiolimari.cl\/index.php?rest_route=\/wp\/v2\/types\/post"}],"author":[{"embeddable":true,"href":"https:\/\/www.radiolimari.cl\/index.php?rest_route=\/wp\/v2\/users\/2"}],"replies":[{"embeddable":true,"href":"https:\/\/www.radiolimari.cl\/index.php?rest_route=%2Fwp%2Fv2%2Fcomments&post=6669"}],"version-history":[{"count":1,"href":"https:\/\/www.radiolimari.cl\/index.php?rest_route=\/wp\/v2\/posts\/6669\/revisions"}],"predecessor-version":[{"id":6671,"href":"https:\/\/www.radiolimari.cl\/index.php?rest_route=\/wp\/v2\/posts\/6669\/revisions\/6671"}],"wp:featuredmedia":[{"embeddable":true,"href":"https:\/\/www.radiolimari.cl\/index.php?rest_route=\/wp\/v2\/media\/6670"}],"wp:attachment":[{"href":"https:\/\/www.radiolimari.cl\/index.php?rest_route=%2Fwp%2Fv2%2Fmedia&parent=6669"}],"wp:term":[{"taxonomy":"category","embeddable":true,"href":"https:\/\/www.radiolimari.cl\/index.php?rest_route=%2Fwp%2Fv2%2Fcategories&post=6669"},{"taxonomy":"post_tag","embeddable":true,"href":"https:\/\/www.radiolimari.cl\/index.php?rest_route=%2Fwp%2Fv2%2Ftags&post=6669"}],"curies":[{"name":"wp","href":"https:\/\/api.w.org\/{rel}","templated":true}]}}