{"id":6653,"date":"2022-01-27T18:36:13","date_gmt":"2022-01-27T18:36:13","guid":{"rendered":"http:\/\/www.radiolimari.cl\/?p=6653"},"modified":"2022-01-27T18:36:13","modified_gmt":"2022-01-27T18:36:13","slug":"familias-de-ovalle-tendran-la-alternativa-de-dejar-sus-desechos-en-el-vertedero-comunal-gratuitamente","status":"publish","type":"post","link":"https:\/\/www.radiolimari.cl\/?p=6653","title":{"rendered":"Familias de Ovalle tendr\u00e1n la alternativa de dejar sus desechos en el vertedero comunal gratuitamente"},"content":{"rendered":"<p><a href=\"https:\/\/www.radiolimari.cl\/wp-content\/uploads\/2022\/01\/27.1-Basura-hist\u00f3rica-en-Ovalle.jpg\"><img decoding=\"async\" class=\"alignnone size-medium wp-image-6654\" src=\"https:\/\/www.radiolimari.cl\/wp-content\/uploads\/2022\/01\/27.1-Basura-hist\u00f3rica-en-Ovalle-300x157.jpg\" alt=\"27.1 Basura hist\u00f3rica en Ovalle\" width=\"300\" height=\"157\" srcset=\"https:\/\/www.radiolimari.cl\/wp-content\/uploads\/2022\/01\/27.1-Basura-hist\u00f3rica-en-Ovalle-300x157.jpg 300w, https:\/\/www.radiolimari.cl\/wp-content\/uploads\/2022\/01\/27.1-Basura-hist\u00f3rica-en-Ovalle.jpg 600w\" sizes=\"(max-width: 300px) 100vw, 300px\" \/><\/a><\/p>\n<p><strong><em>Anteriormente, bajo la administraci\u00f3n de la empresa TASUI se efectuaba un cobro por el dep\u00f3sito de basura en este lugar ubicado en la Ruta 43, en el sector Panulcillo. Desde ahora, este servicio ser\u00e1 gratuito con el fin de que las familias ovallinas puedan deshacerse de los residuos domiciliarios y de la denominada \u201cbasura hist\u00f3rica\u201d.<\/em><\/strong><!--more--><\/p>\n<p>Uno de los problemas a nivel nacional es la aparici\u00f3n constante de microbasurales en sitios eriazos, debido a que personas inescrupulosas eligen estos lugares, para deshacerse de sus residuos domiciliarios y escombros. Debido a esta problem\u00e1tica, desde ahora, las familias de Ovalle tendr\u00e1n la alternativa de dejar sus desechos en el vertedero comunal gratuitamente y de esta forma evitar focos de insalubridad, principalmente en la zona perif\u00e9rica del \u00e1rea urbana de la comuna.<\/p>\n<p>As\u00ed se dio a conocer en la sesi\u00f3n del Concejo Municipal, de este jueves 27 de enero, donde se aprob\u00f3 de forma un\u00e1nime el contrato de arriendo del vertedero comunal, que funcionaba bajo el alero de la empresa TASUI. Desde ahora las familias ovallinas podr\u00e1n depositar diversos desechos en este lugar, que se encuentra en la Ruta D43, en el sector Panulcillo, aunque con algunas restricciones.<\/p>\n<p>En vertedero podr\u00e1n dejar basura domiciliaria y tambi\u00e9n art\u00edculos considerados como \u201cbasura hist\u00f3rica\u201d, es decir, colchones, artefactos el\u00e9ctricos y muebles en mal estado. El encargado del departamento de Aseo y Ornato del municipio de Ovalle, Marcelo Tabilo indic\u00f3 que en este espacio \u201cno se recibir\u00e1n neum\u00e1ticos, ni grandes vol\u00famenes de escombros y basuras de empresas constructoras y residuos considerados como peligrosos, como aceites y bater\u00edas de veh\u00edculos\u201d.<\/p>\n<p>Al respecto, el alcalde Claudio Renter\u00eda se\u00f1al\u00f3 que \u201cesta medida la tomamos en parte, porque queremos generar esta alternativa gratuita para las personas que tengan la necesidad de botar basura y de deshacerse de diversos art\u00edculos, que por lo general se acumulan en los patios de los hogares, creando focos de infecciones. Pero tambi\u00e9n esta decisi\u00f3n apunta a eliminar los microbasurales que se forman en sitios eriazos, debido a la bota indiscriminada de basura, hecho que es un problema constante en nuestra comuna. En varias oportunidades hemos efectuado operativos de limpieza, junto al personal de Aseo y Ornato y los vecinos de los sectores afectados, pero pasan unos d\u00edas y vuelve a surgir este problema\u201d.<\/p>\n<p>Quienes necesiten de este servicio gratuito s\u00f3lo deben trasladarse al vertedero comunal, ubicado en la Ruta D43, que une a Ovalle con La Serena, en el sector de Panulcillo. El lugar estar\u00e1 abierto y disponible para la comunidad de lunes a s\u00e1bado de 9.00 a 17.00 horas.<\/p>\n<p>&nbsp;<\/p>\n","protected":false},"excerpt":{"rendered":"<p>Anteriormente, bajo la administraci\u00f3n de la empresa TASUI se efectuaba un cobro por el dep\u00f3sito de basura en este lugar ubicado en la Ruta 43, en el sector Panulcillo. Desde ahora, este servicio ser\u00e1 gratuito con el fin de que las familias ovallinas puedan deshacerse de los residuos domiciliarios y de la denominada \u201cbasura hist\u00f3rica\u201d.<\/p>\n","protected":false},"author":2,"featured_media":6654,"comment_status":"open","ping_status":"open","sticky":false,"template":"","format":"standard","meta":{"footnotes":""},"categories":[6],"tags":[],"class_list":["post-6653","post","type-post","status-publish","format-standard","has-post-thumbnail","hentry","category-regionales"],"_links":{"self":[{"href":"https:\/\/www.radiolimari.cl\/index.php?rest_route=\/wp\/v2\/posts\/6653","targetHints":{"allow":["GET"]}}],"collection":[{"href":"https:\/\/www.radiolimari.cl\/index.php?rest_route=\/wp\/v2\/posts"}],"about":[{"href":"https:\/\/www.radiolimari.cl\/index.php?rest_route=\/wp\/v2\/types\/post"}],"author":[{"embeddable":true,"href":"https:\/\/www.radiolimari.cl\/index.php?rest_route=\/wp\/v2\/users\/2"}],"replies":[{"embeddable":true,"href":"https:\/\/www.radiolimari.cl\/index.php?rest_route=%2Fwp%2Fv2%2Fcomments&post=6653"}],"version-history":[{"count":1,"href":"https:\/\/www.radiolimari.cl\/index.php?rest_route=\/wp\/v2\/posts\/6653\/revisions"}],"predecessor-version":[{"id":6655,"href":"https:\/\/www.radiolimari.cl\/index.php?rest_route=\/wp\/v2\/posts\/6653\/revisions\/6655"}],"wp:featuredmedia":[{"embeddable":true,"href":"https:\/\/www.radiolimari.cl\/index.php?rest_route=\/wp\/v2\/media\/6654"}],"wp:attachment":[{"href":"https:\/\/www.radiolimari.cl\/index.php?rest_route=%2Fwp%2Fv2%2Fmedia&parent=6653"}],"wp:term":[{"taxonomy":"category","embeddable":true,"href":"https:\/\/www.radiolimari.cl\/index.php?rest_route=%2Fwp%2Fv2%2Fcategories&post=6653"},{"taxonomy":"post_tag","embeddable":true,"href":"https:\/\/www.radiolimari.cl\/index.php?rest_route=%2Fwp%2Fv2%2Ftags&post=6653"}],"curies":[{"name":"wp","href":"https:\/\/api.w.org\/{rel}","templated":true}]}}