{"id":6650,"date":"2022-01-27T15:58:24","date_gmt":"2022-01-27T15:58:24","guid":{"rendered":"http:\/\/www.radiolimari.cl\/?p=6650"},"modified":"2022-01-27T15:58:24","modified_gmt":"2022-01-27T15:58:24","slug":"alcaldesa-de-la-municipalidad-de-rio-hurtado-lamenta-y-condena-femicidio-a-una-vecina-de-la-comuna","status":"publish","type":"post","link":"https:\/\/www.radiolimari.cl\/?p=6650","title":{"rendered":"Alcaldesa de la Municipalidad de R\u00edo Hurtado lamenta y condena femicidio a una vecina de la comuna"},"content":{"rendered":"<p><a href=\"https:\/\/www.radiolimari.cl\/wp-content\/uploads\/2022\/01\/27.1-Alcaldesa-Carmen-Juana-Olivares-y-funcionarias-os-municipales.jpeg\"><img fetchpriority=\"high\" decoding=\"async\" class=\"alignnone size-medium wp-image-6651\" src=\"https:\/\/www.radiolimari.cl\/wp-content\/uploads\/2022\/01\/27.1-Alcaldesa-Carmen-Juana-Olivares-y-funcionarias-os-municipales-300x167.jpeg\" alt=\"27.1 Alcaldesa Carmen Juana Olivares y funcionarias-os municipales\" width=\"300\" height=\"167\" srcset=\"https:\/\/www.radiolimari.cl\/wp-content\/uploads\/2022\/01\/27.1-Alcaldesa-Carmen-Juana-Olivares-y-funcionarias-os-municipales-300x167.jpeg 300w, https:\/\/www.radiolimari.cl\/wp-content\/uploads\/2022\/01\/27.1-Alcaldesa-Carmen-Juana-Olivares-y-funcionarias-os-municipales-1024x570.jpeg 1024w, https:\/\/www.radiolimari.cl\/wp-content\/uploads\/2022\/01\/27.1-Alcaldesa-Carmen-Juana-Olivares-y-funcionarias-os-municipales.jpeg 1280w\" sizes=\"(max-width: 300px) 100vw, 300px\" \/><\/a><\/p>\n<p>Este mi\u00e9rcoles por la noche, un triste hecho enlut\u00f3 a una familia de R\u00edo Hurtado. En la comuna de Coquimbo, Paula Lorena Mart\u00ednez Espinosa es la primera v\u00edctima de femicidio durante el a\u00f1o en la regi\u00f3n, atacada presuntamente por su pareja.<!--more--><\/p>\n<p>Este fatal acontecimiento enluta a su vez a toda una familia de la comuna, quien se destaca por su esfuerzo y compromiso para engrandecer a R\u00edo Hurtado.<\/p>\n<p>La alcaldesa Carmen Juana Olivares y las y los funcionarios del municipio lamentan y condenan el repudiable hecho que enluta a una de nuestras familias de nuestra comuna, producto del femicidio de Paula Lorena, oriunda de la localidad de Hurtado.<\/p>\n<p>\u201cApoyamos a la familia en este triste momento, quien ve c\u00f3mo una de sus hijas ha sido v\u00edctima de la crueldad humana, esperando que la justicia act\u00fae conforme a la gravedad del delito en el que fue v\u00edctima una de nuestras hijas de R\u00edo Hurtado. Al mismo tiempo, se llama a la comunidad a estar atenta ante hechos de violencia en su entorno. No es posible permanecer indiferentes cuando se es testigo de hechos de violencia contra cualquier vecino o vecina. De igual modo, la Municipalidad\u00a0 pondr\u00e1 a disposici\u00f3n de la familia todas sus capacidades para apoyarlos. Finalmente, se reitera el m\u00e1s profundo sentimiento de pesar por el tr\u00e1gico deceso de nuestra\u00a0 vecina y le expresamos a su familia, a sus seres queridos\u00a0 nuestras m\u00e1s sentidas condolencias\u201d, expres\u00f3 la alcaldesa.<\/p>\n<p>El triste hecho ocurri\u00f3 en la comuna de Coquimbo, lugar en el que resid\u00eda nuestra vecina junto con su pareja, el presunto agresor.<\/p>\n<p>Tal como lo mencion\u00f3 la alcaldesa, la Municipalidad de R\u00edo Hurtado brindar\u00e1 a la familia todas sus capacidades para entregarles apoyo de sus profesionales y sobrellevar este dif\u00edcil momento.<\/p>\n<p>&nbsp;<\/p>\n","protected":false},"excerpt":{"rendered":"<p>Este mi\u00e9rcoles por la noche, un triste hecho enlut\u00f3 a una familia de R\u00edo Hurtado. En la comuna de Coquimbo, Paula Lorena Mart\u00ednez Espinosa es la primera v\u00edctima de femicidio durante el a\u00f1o en la regi\u00f3n, atacada presuntamente por su pareja.<\/p>\n","protected":false},"author":2,"featured_media":6651,"comment_status":"open","ping_status":"open","sticky":false,"template":"","format":"standard","meta":{"footnotes":""},"categories":[5],"tags":[],"class_list":["post-6650","post","type-post","status-publish","format-standard","has-post-thumbnail","hentry","category-actualidad-limarina"],"_links":{"self":[{"href":"https:\/\/www.radiolimari.cl\/index.php?rest_route=\/wp\/v2\/posts\/6650","targetHints":{"allow":["GET"]}}],"collection":[{"href":"https:\/\/www.radiolimari.cl\/index.php?rest_route=\/wp\/v2\/posts"}],"about":[{"href":"https:\/\/www.radiolimari.cl\/index.php?rest_route=\/wp\/v2\/types\/post"}],"author":[{"embeddable":true,"href":"https:\/\/www.radiolimari.cl\/index.php?rest_route=\/wp\/v2\/users\/2"}],"replies":[{"embeddable":true,"href":"https:\/\/www.radiolimari.cl\/index.php?rest_route=%2Fwp%2Fv2%2Fcomments&post=6650"}],"version-history":[{"count":1,"href":"https:\/\/www.radiolimari.cl\/index.php?rest_route=\/wp\/v2\/posts\/6650\/revisions"}],"predecessor-version":[{"id":6652,"href":"https:\/\/www.radiolimari.cl\/index.php?rest_route=\/wp\/v2\/posts\/6650\/revisions\/6652"}],"wp:featuredmedia":[{"embeddable":true,"href":"https:\/\/www.radiolimari.cl\/index.php?rest_route=\/wp\/v2\/media\/6651"}],"wp:attachment":[{"href":"https:\/\/www.radiolimari.cl\/index.php?rest_route=%2Fwp%2Fv2%2Fmedia&parent=6650"}],"wp:term":[{"taxonomy":"category","embeddable":true,"href":"https:\/\/www.radiolimari.cl\/index.php?rest_route=%2Fwp%2Fv2%2Fcategories&post=6650"},{"taxonomy":"post_tag","embeddable":true,"href":"https:\/\/www.radiolimari.cl\/index.php?rest_route=%2Fwp%2Fv2%2Ftags&post=6650"}],"curies":[{"name":"wp","href":"https:\/\/api.w.org\/{rel}","templated":true}]}}