{"id":6647,"date":"2022-01-27T13:50:08","date_gmt":"2022-01-27T13:50:08","guid":{"rendered":"http:\/\/www.radiolimari.cl\/?p=6647"},"modified":"2022-01-27T13:50:08","modified_gmt":"2022-01-27T13:50:08","slug":"banda-ovallina-d43-finaliza-registro-de-su-nuevo-disco-en-argentina","status":"publish","type":"post","link":"https:\/\/www.radiolimari.cl\/?p=6647","title":{"rendered":"Banda ovallina D43 finaliza registro de su nuevo disco en Argentina"},"content":{"rendered":"<p><a href=\"https:\/\/www.radiolimari.cl\/wp-content\/uploads\/2022\/01\/28.1-banda-d43.jpg\"><img fetchpriority=\"high\" decoding=\"async\" class=\"alignnone size-medium wp-image-6648\" src=\"https:\/\/www.radiolimari.cl\/wp-content\/uploads\/2022\/01\/28.1-banda-d43-300x225.jpg\" alt=\"28.1 banda d43\" width=\"300\" height=\"225\" srcset=\"https:\/\/www.radiolimari.cl\/wp-content\/uploads\/2022\/01\/28.1-banda-d43-300x225.jpg 300w, https:\/\/www.radiolimari.cl\/wp-content\/uploads\/2022\/01\/28.1-banda-d43-1024x768.jpg 1024w\" sizes=\"(max-width: 300px) 100vw, 300px\" \/><\/a><\/p>\n<p><strong>D43 culmin\u00f3 el registro de su nuevo \u00e1lbum en Argentina. Desde Buenos Aires, su cr\u00f3nica nos traspasa su vivencia en espacios ya mitificados del rock en espa\u00f1ol.<\/strong><!--more--><\/p>\n<p>Antes de partir a su decisivo viaje Milton Bugue\u00f1o Ju\u00e1rez, bajo y coros de la banda D43 declaraba a Diario El Ovallino: \u201cA principios de 2021 nos lleg\u00f3 una oferta de una productora argentina para que grab\u00e1ramos un audiovisual en el Estudio Ion, d\u00f3nde han pasado muchos artistas y nos pareci\u00f3 una excelente propuesta. \u00cdbamos a viajar en el verano pasado, pero no pudimos porque cerraron las fronteras y el viaje se fue posponiendo. Luego nos lleg\u00f3 otra oferta de la misma productora para grabar esta vez un disco. As\u00ed que armamos el proyecto, lo postulamos al Foncrea de la Crporaci\u00f3n Cultural de Ovalle, lo ganamos, y eso es parte del apoyo para el financiamiento de la producci\u00f3n\u201d.<\/p>\n<p>De esas declaraciones a este momento, han pasado ya semanas, en las que este combo familiar, integrado, adem\u00e1s de Milton, por Luciano Ju\u00e1rez Vega (voz y guitarra), Daniel Ju\u00e1rez Vega (bater\u00eda y percusi\u00f3n) y Cesar Ju\u00e1rez Bravo (guitarra y coros), ha acometido con resoluci\u00f3n cada una de las actividades art\u00edsticas y t\u00e9cnicas de este doble registro.<\/p>\n<p>A su llegada a Buenos Aires, D43 entr\u00f3 a Estudios ION a grabar una sesi\u00f3n musical. ION es reconocido por ser el espacio en el que se registra el conocido programa \u201cEncuentro en el Estudio\u201d, por el que han pasado artistas como Ataque 77, Vicentico, Divididos, y otros. En esta sesi\u00f3n se incluyeron canciones de su pr\u00f3ximo disco. Seg\u00fan relatan: \u201cLa gran cantidad de artistas de renombre que han pasado por las instalaciones significaron para la banda m\u00e1s motivaci\u00f3n y ganas de tocar\u201d.<\/p>\n<p>Al d\u00eda siguiente, comenz\u00f3 la grabaci\u00f3n en el Estudio A de Romaphonic, en compa\u00f1\u00eda del ingeniero de grabaci\u00f3n y mezcla Gustavo Iglesias, sonidista de Babas\u00f3nicos. Antes de llamarse Romaphonic, este estudio se denominaba \u201cCirco Beat\u201d y era la casa s\u00f3nica del rosarino Fito P\u00e1ez. Secundaban al profesional trasandino el equipo de producci\u00f3n ovallino de 898 Home Studio, conformado por Cristian Vera y Fabi\u00e1n Zorricueta, quienes fueron parte del proceso compositivo y de producci\u00f3n del disco durante las jornadas de grabaci\u00f3n.<\/p>\n<p>La banda contin\u00faa su relato: \u201cEl primer d\u00eda Milton y Daniel grabaron las bases de las canciones en bajo y bater\u00eda. El d\u00eda martes se comenz\u00f3 con la grabaci\u00f3n de guitarras y arreglos. El tercer d\u00eda se comenz\u00f3 a trabajar en Estudio B de Romaphonic, con la grabaci\u00f3n de voces y synths. Los d\u00edas restantes la banda sigui\u00f3 trabajando en armonizaciones y en percusiones. El recibimiento del estudio fue fant\u00e1stico, se trabaj\u00f3 con personas experimentadas y tambi\u00e9n con mucha gente joven. El equipamiento del estudio es incre\u00edble afectando positivamente el sonido del disco en una forma bastante s\u00f3lida y palpable\u201d.<\/p>\n<p>En estos \u00faltimos d\u00edas, junto al proceso de mezcla realizado por el equipo del estudio y sus hom\u00f3logos ovallinos, la banda aprovech\u00f3 de conocer, recorrer y relajarse en Buenos Aires. Antes de emprender regreso a sus tierras, expresaron su gratitud: \u201cAgradecemos al equipo de Estudio Romaphonic, quienes nos recibieron de la mejor manera, e incluso tuvimos la posibilidad de que uno de ellos participara como m\u00fasico en una de las canciones, detalles que se ir\u00e1n revelando m\u00e1s adelante. Hacemos menci\u00f3n especial a Fernando Matt, Nico Resnikof, Fran Olivetto, Tom y Franco Zilocchi. Agradecemos a 898 Home Studio por la producci\u00f3n de este disco y a la Corporaci\u00f3n Cultural Municipal de Ovalle por el apoyo a este trabajo a trav\u00e9s del proyecto Foncrea 2021\u201d.<\/p>\n","protected":false},"excerpt":{"rendered":"<p>D43 culmin\u00f3 el registro de su nuevo \u00e1lbum en Argentina. Desde Buenos Aires, su cr\u00f3nica nos traspasa su vivencia en espacios ya mitificados del rock en espa\u00f1ol.<\/p>\n","protected":false},"author":2,"featured_media":6648,"comment_status":"open","ping_status":"open","sticky":false,"template":"","format":"standard","meta":{"footnotes":""},"categories":[3],"tags":[],"class_list":["post-6647","post","type-post","status-publish","format-standard","has-post-thumbnail","hentry","category-actualidad"],"_links":{"self":[{"href":"https:\/\/www.radiolimari.cl\/index.php?rest_route=\/wp\/v2\/posts\/6647","targetHints":{"allow":["GET"]}}],"collection":[{"href":"https:\/\/www.radiolimari.cl\/index.php?rest_route=\/wp\/v2\/posts"}],"about":[{"href":"https:\/\/www.radiolimari.cl\/index.php?rest_route=\/wp\/v2\/types\/post"}],"author":[{"embeddable":true,"href":"https:\/\/www.radiolimari.cl\/index.php?rest_route=\/wp\/v2\/users\/2"}],"replies":[{"embeddable":true,"href":"https:\/\/www.radiolimari.cl\/index.php?rest_route=%2Fwp%2Fv2%2Fcomments&post=6647"}],"version-history":[{"count":1,"href":"https:\/\/www.radiolimari.cl\/index.php?rest_route=\/wp\/v2\/posts\/6647\/revisions"}],"predecessor-version":[{"id":6649,"href":"https:\/\/www.radiolimari.cl\/index.php?rest_route=\/wp\/v2\/posts\/6647\/revisions\/6649"}],"wp:featuredmedia":[{"embeddable":true,"href":"https:\/\/www.radiolimari.cl\/index.php?rest_route=\/wp\/v2\/media\/6648"}],"wp:attachment":[{"href":"https:\/\/www.radiolimari.cl\/index.php?rest_route=%2Fwp%2Fv2%2Fmedia&parent=6647"}],"wp:term":[{"taxonomy":"category","embeddable":true,"href":"https:\/\/www.radiolimari.cl\/index.php?rest_route=%2Fwp%2Fv2%2Fcategories&post=6647"},{"taxonomy":"post_tag","embeddable":true,"href":"https:\/\/www.radiolimari.cl\/index.php?rest_route=%2Fwp%2Fv2%2Ftags&post=6647"}],"curies":[{"name":"wp","href":"https:\/\/api.w.org\/{rel}","templated":true}]}}