{"id":6644,"date":"2022-01-27T13:27:40","date_gmt":"2022-01-27T13:27:40","guid":{"rendered":"http:\/\/www.radiolimari.cl\/?p=6644"},"modified":"2022-01-27T13:27:40","modified_gmt":"2022-01-27T13:27:40","slug":"en-ovalle-activan-protocolos-sanitarios-por-murcielago-con-rabia","status":"publish","type":"post","link":"https:\/\/www.radiolimari.cl\/?p=6644","title":{"rendered":"En Ovalle Activan protocolos sanitarios  por murci\u00e9lago con rabia"},"content":{"rendered":"<p><a href=\"https:\/\/www.radiolimari.cl\/wp-content\/uploads\/2022\/01\/28.1-FOTOmurci\u00e9lago.jpg\"><img fetchpriority=\"high\" decoding=\"async\" class=\"alignnone size-medium wp-image-6645\" src=\"https:\/\/www.radiolimari.cl\/wp-content\/uploads\/2022\/01\/28.1-FOTOmurci\u00e9lago-300x199.jpg\" alt=\"28.1 FOTOmurci\u00e9lago\" width=\"300\" height=\"199\" srcset=\"https:\/\/www.radiolimari.cl\/wp-content\/uploads\/2022\/01\/28.1-FOTOmurci\u00e9lago-300x199.jpg 300w, https:\/\/www.radiolimari.cl\/wp-content\/uploads\/2022\/01\/28.1-FOTOmurci\u00e9lago.jpg 820w\" sizes=\"(max-width: 300px) 100vw, 300px\" \/><\/a><\/p>\n<p>El Instituto de Salud P\u00fablica (ISP) confirm\u00f3 un ejemplar de murci\u00e9lago con rabia en el sector c\u00e9ntrico de la comuna de Ovalle y es el primer caso del a\u00f1o en la regi\u00f3n.<!--more--><\/p>\n<p>\u201cSe trata de un murci\u00e9lago encontrado vivo en el sector de ingreso a oficinas del centro de la comuna de Ovalle, que fue capturado por personas que trabajaban en el lugar, quienes adoptaron todas las medidas de precauci\u00f3n y dando aviso inmediato a nuestra Oficina Comunal\u201d, se\u00f1al\u00f3 la Seremi (S) de Salud, Betsab\u00e9 Rodr\u00edguez.<\/p>\n<p>La Autoridad Sanitaria indic\u00f3, adem\u00e1s, que se iniciaron inmediatamente las medidas de control e investigaci\u00f3n epidemiol\u00f3gica-ambiental del caso y de control de foco y perifoco en el sector. \u201cEl llamado a la poblaci\u00f3n es a evitar el contacto innecesario con los murci\u00e9lagos y nunca tomarlos con la mano sin guantes. Y dar aviso inmediato a la Seremi de Salud para el retiro del animal y posterior an\u00e1lisis de las muestras\u201d, agreg\u00f3 Rodr\u00edguez.<\/p>\n<p>La rabia es una zoonosis viral, caracterizada por una encefalomielitis aguda, de una letalidad de un 100%. La transmisi\u00f3n es por la saliva del animal a trav\u00e9s de una mordedura o contacto con las mucosas o heridas. Los animales que pueden transmitir esta enfermedad pueden ser murci\u00e9lagos, perros y zorros, es decir, animales de sangre caliente.<\/p>\n<p>&nbsp;<\/p>\n<p>Forografia referencial<\/p>\n","protected":false},"excerpt":{"rendered":"<p>El Instituto de Salud P\u00fablica (ISP) confirm\u00f3 un ejemplar de murci\u00e9lago con rabia en el sector c\u00e9ntrico de la comuna de Ovalle y es el primer caso del a\u00f1o en la regi\u00f3n.<\/p>\n","protected":false},"author":2,"featured_media":6645,"comment_status":"open","ping_status":"open","sticky":false,"template":"","format":"standard","meta":{"footnotes":""},"categories":[5],"tags":[],"class_list":["post-6644","post","type-post","status-publish","format-standard","has-post-thumbnail","hentry","category-actualidad-limarina"],"_links":{"self":[{"href":"https:\/\/www.radiolimari.cl\/index.php?rest_route=\/wp\/v2\/posts\/6644","targetHints":{"allow":["GET"]}}],"collection":[{"href":"https:\/\/www.radiolimari.cl\/index.php?rest_route=\/wp\/v2\/posts"}],"about":[{"href":"https:\/\/www.radiolimari.cl\/index.php?rest_route=\/wp\/v2\/types\/post"}],"author":[{"embeddable":true,"href":"https:\/\/www.radiolimari.cl\/index.php?rest_route=\/wp\/v2\/users\/2"}],"replies":[{"embeddable":true,"href":"https:\/\/www.radiolimari.cl\/index.php?rest_route=%2Fwp%2Fv2%2Fcomments&post=6644"}],"version-history":[{"count":1,"href":"https:\/\/www.radiolimari.cl\/index.php?rest_route=\/wp\/v2\/posts\/6644\/revisions"}],"predecessor-version":[{"id":6646,"href":"https:\/\/www.radiolimari.cl\/index.php?rest_route=\/wp\/v2\/posts\/6644\/revisions\/6646"}],"wp:featuredmedia":[{"embeddable":true,"href":"https:\/\/www.radiolimari.cl\/index.php?rest_route=\/wp\/v2\/media\/6645"}],"wp:attachment":[{"href":"https:\/\/www.radiolimari.cl\/index.php?rest_route=%2Fwp%2Fv2%2Fmedia&parent=6644"}],"wp:term":[{"taxonomy":"category","embeddable":true,"href":"https:\/\/www.radiolimari.cl\/index.php?rest_route=%2Fwp%2Fv2%2Fcategories&post=6644"},{"taxonomy":"post_tag","embeddable":true,"href":"https:\/\/www.radiolimari.cl\/index.php?rest_route=%2Fwp%2Fv2%2Ftags&post=6644"}],"curies":[{"name":"wp","href":"https:\/\/api.w.org\/{rel}","templated":true}]}}