{"id":6641,"date":"2022-01-26T16:51:12","date_gmt":"2022-01-26T16:51:12","guid":{"rendered":"http:\/\/www.radiolimari.cl\/?p=6641"},"modified":"2022-01-26T16:51:12","modified_gmt":"2022-01-26T16:51:12","slug":"grupo-hechizo-cuenta-con-un-nuevo-vocalista-se-trata-del-ovallino-mario-aracena","status":"publish","type":"post","link":"https:\/\/www.radiolimari.cl\/?p=6641","title":{"rendered":"Grupo Hechizo cuenta con un nuevo vocalista, se trata del Ovallino Mario Aracena"},"content":{"rendered":"<p><a href=\"https:\/\/www.radiolimari.cl\/wp-content\/uploads\/2022\/01\/26.1-hechizo.jpg\"><img fetchpriority=\"high\" decoding=\"async\" class=\"alignnone size-medium wp-image-6642\" src=\"https:\/\/www.radiolimari.cl\/wp-content\/uploads\/2022\/01\/26.1-hechizo-300x200.jpg\" alt=\"26.1 hechizo\" width=\"300\" height=\"200\" srcset=\"https:\/\/www.radiolimari.cl\/wp-content\/uploads\/2022\/01\/26.1-hechizo-300x200.jpg 300w, https:\/\/www.radiolimari.cl\/wp-content\/uploads\/2022\/01\/26.1-hechizo-1024x682.jpg 1024w\" sizes=\"(max-width: 300px) 100vw, 300px\" \/><\/a><\/p>\n<p>La agrupaci\u00f3n que en sus comienzos fue compuesta por Mauricio Guerra (guitarra), Jos\u00e9 Pizarro (coros), Mauricio Regodeceves (coros), Carlos Campos (bater\u00eda), Julio Araya (bajo), Rodolfo Y\u00e1\u00f1ez (teclados) y Wilson Leiva (voz), cargo que al cabo de un corto tiempo le dio paso a Felipe Caballero (voz) y de ah\u00ed en adelante\u00a0 han pasado nuevas voces<!--more--><\/p>\n<p>El Grupo Hechizo a lo largo de su carrera a impuesto muchos \u00e9xitos destacando las canciones \u00abEl t\u00edmido\u00bb y el s\u00faper \u00e9xito \u00abLa temporera\u00bb, un tema emblem\u00e1tico en la historia de la m\u00fasica tropical chilena; tema que por su contenido social se ha mantenido en el tiempo y ha sido motivo de notas y reportajes. El hit no s\u00f3lo se mantuvo en los primeros lugares, sino que adem\u00e1s fue elegida como la canci\u00f3n del a\u00f1o 1998. Actualmente se ha convertido en pr\u00e1cticamente un segundo himno nacional pues representa a una gran cantidad de personas que se dedican a este rubro en todo el pa\u00eds.<\/p>\n<p>En un comunicado emanado por su director, Rodolfo Ya\u00f1ez,\u00a0 se da a conocer la nueva voz\u00a0 del Grupo\u2026<\/p>\n<p><strong>\u201cPrimero que todo gracias a Dios por darnos salud a nuestras familias y a nuestro grupo musical.<\/strong><\/p>\n<p><strong>Tambi\u00e9n darte gracias a ti Kike por todo el tiempo que dedicaste a mantener en alto el nombre nuestro grupo.<\/strong><\/p>\n<p><strong>Entendemos tus convicciones y tu raz\u00f3n para no vacunarse y al no tener tu pase de movilidad es imposible poder trabajar con las disposiciones que impone el Ministerio de Salud. S\u00f3lo nos queda desearte lo mejor de aqu\u00ed en adelante en tu vida futura. A veces se nos cierran algunas puertas pero a la vez se nos abren inmensas ventanas y hoy es la llegada de un nuevo integrante a la familia \u00abHechizo\u00bb.<\/strong><\/p>\n<p><strong>Mario, deseamos que el camino que est\u00e1s emprendiendo con nosotros poniendo tu empe\u00f1o y tes\u00f3n est\u00e9 cargado de alegr\u00edas y de nuevos desaf\u00edos. Sabemos que con la ayuda y el apoyo de todos los que al cabo de 25 a\u00f1os de trayectoria han estado junto a nosotros \u00bb Hechizo \u00bb seguir\u00e1 siendo el grupo de tropical rom\u00e1ntico m\u00e1s grande de Chile.<\/strong><\/p>\n<p><strong>\u00a0Bienvenido Mario Aracena Cantante Ovallino.<\/strong><\/p>\n<p>&nbsp;<\/p>\n<p>&nbsp;<\/p>\n","protected":false},"excerpt":{"rendered":"<p>La agrupaci\u00f3n que en sus comienzos fue compuesta por Mauricio Guerra (guitarra), Jos\u00e9 Pizarro (coros), Mauricio Regodeceves (coros), Carlos Campos (bater\u00eda), Julio Araya (bajo), Rodolfo Y\u00e1\u00f1ez (teclados) y Wilson Leiva (voz), cargo que al cabo de un corto tiempo le dio paso a Felipe Caballero (voz) y de ah\u00ed en adelante\u00a0 han pasado nuevas voces<\/p>\n","protected":false},"author":2,"featured_media":6642,"comment_status":"open","ping_status":"open","sticky":false,"template":"","format":"standard","meta":{"footnotes":""},"categories":[3],"tags":[],"class_list":["post-6641","post","type-post","status-publish","format-standard","has-post-thumbnail","hentry","category-actualidad"],"_links":{"self":[{"href":"https:\/\/www.radiolimari.cl\/index.php?rest_route=\/wp\/v2\/posts\/6641","targetHints":{"allow":["GET"]}}],"collection":[{"href":"https:\/\/www.radiolimari.cl\/index.php?rest_route=\/wp\/v2\/posts"}],"about":[{"href":"https:\/\/www.radiolimari.cl\/index.php?rest_route=\/wp\/v2\/types\/post"}],"author":[{"embeddable":true,"href":"https:\/\/www.radiolimari.cl\/index.php?rest_route=\/wp\/v2\/users\/2"}],"replies":[{"embeddable":true,"href":"https:\/\/www.radiolimari.cl\/index.php?rest_route=%2Fwp%2Fv2%2Fcomments&post=6641"}],"version-history":[{"count":1,"href":"https:\/\/www.radiolimari.cl\/index.php?rest_route=\/wp\/v2\/posts\/6641\/revisions"}],"predecessor-version":[{"id":6643,"href":"https:\/\/www.radiolimari.cl\/index.php?rest_route=\/wp\/v2\/posts\/6641\/revisions\/6643"}],"wp:featuredmedia":[{"embeddable":true,"href":"https:\/\/www.radiolimari.cl\/index.php?rest_route=\/wp\/v2\/media\/6642"}],"wp:attachment":[{"href":"https:\/\/www.radiolimari.cl\/index.php?rest_route=%2Fwp%2Fv2%2Fmedia&parent=6641"}],"wp:term":[{"taxonomy":"category","embeddable":true,"href":"https:\/\/www.radiolimari.cl\/index.php?rest_route=%2Fwp%2Fv2%2Fcategories&post=6641"},{"taxonomy":"post_tag","embeddable":true,"href":"https:\/\/www.radiolimari.cl\/index.php?rest_route=%2Fwp%2Fv2%2Ftags&post=6641"}],"curies":[{"name":"wp","href":"https:\/\/api.w.org\/{rel}","templated":true}]}}