{"id":6634,"date":"2022-01-25T20:30:42","date_gmt":"2022-01-25T20:30:42","guid":{"rendered":"http:\/\/www.radiolimari.cl\/?p=6634"},"modified":"2022-01-25T20:30:42","modified_gmt":"2022-01-25T20:30:42","slug":"municipalidad-de-rio-hurtado-determina-postergar-actividades-presenciales-masivas","status":"publish","type":"post","link":"https:\/\/www.radiolimari.cl\/?p=6634","title":{"rendered":"Municipalidad de R\u00edo Hurtado determina postergar actividades presenciales masivas"},"content":{"rendered":"<p><a href=\"https:\/\/www.radiolimari.cl\/wp-content\/uploads\/2022\/01\/25.1-Feria-Costumbrista-Campesina-postergada1.png\"><img fetchpriority=\"high\" decoding=\"async\" class=\"alignnone size-medium wp-image-6636\" src=\"https:\/\/www.radiolimari.cl\/wp-content\/uploads\/2022\/01\/25.1-Feria-Costumbrista-Campesina-postergada1-300x300.png\" alt=\"25.1 Feria Costumbrista Campesina postergada\" width=\"300\" height=\"300\" srcset=\"https:\/\/www.radiolimari.cl\/wp-content\/uploads\/2022\/01\/25.1-Feria-Costumbrista-Campesina-postergada1-300x300.png 300w, https:\/\/www.radiolimari.cl\/wp-content\/uploads\/2022\/01\/25.1-Feria-Costumbrista-Campesina-postergada1-150x150.png 150w, https:\/\/www.radiolimari.cl\/wp-content\/uploads\/2022\/01\/25.1-Feria-Costumbrista-Campesina-postergada1-1024x1024.png 1024w, https:\/\/www.radiolimari.cl\/wp-content\/uploads\/2022\/01\/25.1-Feria-Costumbrista-Campesina-postergada1-70x70.png 70w\" sizes=\"(max-width: 300px) 100vw, 300px\" \/><\/a><\/p>\n<p>Entre ellas se encuentra la versi\u00f3n n\u00famero 22 de la Feria Costumbrista Campesina que se iba a desarrollar este fin de semana del 28, 29 y 30 de enero. El fin principal del municipio es promover el cuidado de sus vecinos y evitar contagios por Coronavirus que en los \u00faltimos d\u00edas ha experimentado un explosivo aumento.<!--more--><\/p>\n<p>El alza de contagios por Coronavirus es una realidad que se est\u00e1 viviendo en todo el pa\u00eds y la comuna de R\u00edo Hurtado lamentablemente no es la excepci\u00f3n.<\/p>\n<p>La variante \u00d3micron presenta una viralizaci\u00f3n mucho m\u00e1s r\u00e1pida que otras variantes durante esta pandemia, por lo que ha provocado un fuerte incremento en los casos activos. Seg\u00fan los datos proporcionados por la serem\u00eda de Salud de la regi\u00f3n de Coquimbo, este martes se informaron tres casos nuevos por la enfermedad, totalizando siete casos activos.<\/p>\n<p>Con esta realidad, la Municipalidad de R\u00edo Hurtado ha determinado postergar todas las actividades presenciales en la comuna, entre ellas la versi\u00f3n 22 de la Feria Costumbrista Campesina que se iba a realizar este 28, 29 y 30 de enero.<\/p>\n<p>El alza sostenida en los contagios diarios en los \u00faltimos d\u00edas y considerando la cantidad de habitantes, llev\u00f3 a que la alcaldesa Carmen Juana Olivares tome esta decisi\u00f3n.<\/p>\n<p>\u201cHoy martes en reuni\u00f3n con el equipo municipal y el director de salud municipal, tomamos la decisi\u00f3n de postergar la Feria Costumbrista hasta nuevo aviso para poder cuidarnos respecto al alza de contagios. Hasta la semana pasada la pandemia estaba bastante controlada en nuestra comunidad y viendo los \u00edndices regionales y los nuestros, adem\u00e1s de la cantidad de nuestras que est\u00e1n en proceso, tomamos esta decisi\u00f3n. Tambi\u00e9n recibimos le respaldo de los concejales de la comuna para que esta actividad sea postergada y tambi\u00e9n todas las actividades p\u00fablicas que tienen relaci\u00f3n con eventos masivos, como carreras a la chilena y bailes, hasta que se normalice la situaci\u00f3n epidemiol\u00f3gica en nuestra comuna y regi\u00f3n\u201d, se\u00f1al\u00f3 la autoridad comunal.<\/p>\n<p>El fin principal del municipio es promover el cuidado de sus vecinos y evitar contagios por la enfermedad. En este \u00e1mbito, la encargada comunal de epidemiolog\u00eda de R\u00edo Hurtado, Julia Gonz\u00e1lez, nos recuerda cu\u00e1les son las medidas para evitar posibles contagios, remarcando en la recepci\u00f3n de familiares que provienen desde otras comunas.<\/p>\n<p>\u201cEl llamado es a cuidarse y mantener las medidas de protecci\u00f3n que hemos repetido en innumerables veces, como el uso de mascarilla, el distanciamiento f\u00edsico y evitar aglomeraciones. Que las personas que reciben muchas visitas desde otras comunas como los familiares, evitar fiestas para poder protegernos, porque el aumento de contagios es verdaderamente preocupante\u00bb, especific\u00f3 la profesional.<\/p>\n<p>El testeo es clave. Si presentas s\u00edntomas, dir\u00edgete al Cesfam de Pichasca, donde los profesionales de la salud tomar\u00e1n el respectivo PCR. Y en caso que no presentes s\u00edntomas, el mismo recinto de salud realiza testeos gratuitamente, desde las 08.00 hasta las 16.30 horas, de lunes a viernes.<\/p>\n<p>Cuidarnos es tarea de todos, en un nuevo brote de contagios que sacude al pa\u00eds.<\/p>\n","protected":false},"excerpt":{"rendered":"<p>Entre ellas se encuentra la versi\u00f3n n\u00famero 22 de la Feria Costumbrista Campesina que se iba a desarrollar este fin de semana del 28, 29 y 30 de enero. El fin principal del municipio es promover el cuidado de sus vecinos y evitar contagios por Coronavirus que en los \u00faltimos d\u00edas ha experimentado un explosivo &#8230;<\/p>\n","protected":false},"author":2,"featured_media":6635,"comment_status":"open","ping_status":"open","sticky":false,"template":"","format":"standard","meta":{"footnotes":""},"categories":[3],"tags":[],"class_list":["post-6634","post","type-post","status-publish","format-standard","has-post-thumbnail","hentry","category-actualidad"],"_links":{"self":[{"href":"https:\/\/www.radiolimari.cl\/index.php?rest_route=\/wp\/v2\/posts\/6634","targetHints":{"allow":["GET"]}}],"collection":[{"href":"https:\/\/www.radiolimari.cl\/index.php?rest_route=\/wp\/v2\/posts"}],"about":[{"href":"https:\/\/www.radiolimari.cl\/index.php?rest_route=\/wp\/v2\/types\/post"}],"author":[{"embeddable":true,"href":"https:\/\/www.radiolimari.cl\/index.php?rest_route=\/wp\/v2\/users\/2"}],"replies":[{"embeddable":true,"href":"https:\/\/www.radiolimari.cl\/index.php?rest_route=%2Fwp%2Fv2%2Fcomments&post=6634"}],"version-history":[{"count":1,"href":"https:\/\/www.radiolimari.cl\/index.php?rest_route=\/wp\/v2\/posts\/6634\/revisions"}],"predecessor-version":[{"id":6637,"href":"https:\/\/www.radiolimari.cl\/index.php?rest_route=\/wp\/v2\/posts\/6634\/revisions\/6637"}],"wp:featuredmedia":[{"embeddable":true,"href":"https:\/\/www.radiolimari.cl\/index.php?rest_route=\/wp\/v2\/media\/6635"}],"wp:attachment":[{"href":"https:\/\/www.radiolimari.cl\/index.php?rest_route=%2Fwp%2Fv2%2Fmedia&parent=6634"}],"wp:term":[{"taxonomy":"category","embeddable":true,"href":"https:\/\/www.radiolimari.cl\/index.php?rest_route=%2Fwp%2Fv2%2Fcategories&post=6634"},{"taxonomy":"post_tag","embeddable":true,"href":"https:\/\/www.radiolimari.cl\/index.php?rest_route=%2Fwp%2Fv2%2Ftags&post=6634"}],"curies":[{"name":"wp","href":"https:\/\/api.w.org\/{rel}","templated":true}]}}