{"id":6627,"date":"2022-01-25T19:41:35","date_gmt":"2022-01-25T19:41:35","guid":{"rendered":"http:\/\/www.radiolimari.cl\/?p=6627"},"modified":"2022-01-25T19:41:35","modified_gmt":"2022-01-25T19:41:35","slug":"este-fin-de-semana-musicos-regionales-seran-protagonista-del-festival-arc-2022","status":"publish","type":"post","link":"https:\/\/www.radiolimari.cl\/?p=6627","title":{"rendered":"Este Fin de Semana M\u00fasicos regionales ser\u00e1n protagonista del Festival ARC 2022"},"content":{"rendered":"<p><a href=\"https:\/\/www.radiolimari.cl\/wp-content\/uploads\/2022\/01\/25.1-Carlos-Ilivares-PX5.jpg\"><img fetchpriority=\"high\" decoding=\"async\" class=\"alignnone size-medium wp-image-6628\" src=\"https:\/\/www.radiolimari.cl\/wp-content\/uploads\/2022\/01\/25.1-Carlos-Ilivares-PX5-300x200.jpg\" alt=\"25.1 Carlos Ilivares PX5\" width=\"300\" height=\"200\" srcset=\"https:\/\/www.radiolimari.cl\/wp-content\/uploads\/2022\/01\/25.1-Carlos-Ilivares-PX5-300x200.jpg 300w, https:\/\/www.radiolimari.cl\/wp-content\/uploads\/2022\/01\/25.1-Carlos-Ilivares-PX5-1024x682.jpg 1024w, https:\/\/www.radiolimari.cl\/wp-content\/uploads\/2022\/01\/25.1-Carlos-Ilivares-PX5.jpg 1500w\" sizes=\"(max-width: 300px) 100vw, 300px\" \/><\/a><\/p>\n<p><b style=\"color: #222222;\">a XI edici\u00f3n del reconocido certamen ser\u00e1 transmitida por\u00a0<a style=\"color: #1155cc;\" href=\"http:\/\/www.festivalarc.cl\/\" target=\"_blank\" data-saferedirecturl=\"https:\/\/www.google.com\/url?q=http:\/\/www.festivalarc.cl&amp;source=gmail&amp;ust=1643221730959000&amp;usg=AOvVaw01r8hzsbkhQ5Ov8UtZj2Uk\">www.festivalarc.cl<\/a>, as\u00ed como tambi\u00e9n a trav\u00e9s de canales de televisi\u00f3n regional. Cueca, m\u00fasica urbana, indie, reggae y jazz fusi\u00f3n es parte de la nutrida cartelera musical del evento.<\/b><!--more--><\/p>\n<p style=\"font-weight: 400;\">Con el objetivo de fomentar la cultura, fortalecer la creaci\u00f3n de audiencias y apoyar el trabajo que realizan los talentos de la Regi\u00f3n de Coquimbo, se llevar\u00e1 a cabo una nueva edici\u00f3n del Festival de las Artes Regi\u00f3n de Coquimbo, organizado por la Seremi de las Culturas, las Artes y el Patrimonio.<\/p>\n<p style=\"font-weight: 400;\">El evento se desarrollar\u00e1 el viernes 28, s\u00e1bado 29 y domingo 30 de enero, y las tres jornadas contar\u00e1n con una variada parrilla compuesta por m\u00fasicos locales que interpretar\u00e1n diferentes estilos: Cueca, m\u00fasica urbana, indie, reggae y jazz fusi\u00f3n es parte de los g\u00e9neros que se presentar\u00e1n en el certamen.<strong>\u00a0<\/strong><\/p>\n<p style=\"font-weight: 400;\">Francisco Varas, seremi de las Culturas, destac\u00f3 que \u201chemos ampliado la gama de expresiones musicales, poniendo en valor a nuevos exponentes y sumando creadores de diferentes comunas de la regi\u00f3n. Nos resulta fundamental generar vitrinas de difusi\u00f3n para relevar el talento que existe en nuestro territorio y hacer visible este trabajo, tanto a nivel regional, nacional e internacional, aprovechando el alcance que nos permite internet y la televisi\u00f3n local\u201d.<\/p>\n<p style=\"font-weight: 400;\">En tanto, los m\u00fasicos que dir\u00e1n presente en la edici\u00f3n 2022 del Festival ARC se mostraron agradecidos de la oportunidad. \u201cEstoy s\u00faper agradecido de mostrar todo lo que estamos construyendo en Andacollo. Hemos comenzado desde la nada y ver c\u00f3mo ha sido este proceso, experimentarlo y darnos cuenta que podemos sumar a m\u00e1s talentos para ser parte de esto, nos encanta y nos llena de orgullo\u201d expres\u00f3 Carlos Olivares \u201cPX5\u201d.<\/p>\n<p style=\"font-weight: 400;\">Jorge Mandala, exponente de la m\u00fasica reggae, agreg\u00f3 sentirse emocionado de volver a participar en este evento. \u201cEste es un festival que reconoce a todos los artistas regionales. La diferencia de mi participaci\u00f3n hace ocho a\u00f1os atr\u00e1s es que hoy la difusi\u00f3n es mucho mayor y poderosa, gracias a las plataformas y redes sociales\u201d, explic\u00f3.<\/p>\n<p style=\"font-weight: 400;\">Ser\u00e1n diez artistas los que encabezar\u00e1n los cap\u00edtulos I, II y III de \u201cEstudio ARC\u201d, donde el p\u00fablico podr\u00e1 disfrutar de sus presentaciones y entrevistas. La m\u00fasica folcl\u00f3rica estar\u00e1 a cargo de la agrupaci\u00f3n Las Quintralas de la Cuarta, quienes destacaron la presencia femenina sobre el escenario. \u201cSomos el primer grupo femenino de cueca chilenera en la Regi\u00f3n de Coquimbo. Para cantar cueca hay que tener fuerza y valent\u00eda, y eso es lo que tratamos de plasmar en nuestras presentaciones, junto con armar un ambiente dicharachero\u201d, enfatizaron.<\/p>\n<p style=\"font-weight: 400;\">\n<p style=\"font-weight: 400;\"><strong>Programaci\u00f3n musical ARC 2022<\/strong><strong>\u00a0<\/strong><\/p>\n<p style=\"font-weight: 400;\">La jornada del viernes comenzar\u00e1 a las 20:00 horas y contar\u00e1 con la presencia de la banda de blues oriunda de Canela, Viejo Pez. As\u00ed mismo, el rock alternativo se har\u00e1 presente con Duerme &amp; Cae y el jazz con la m\u00fasica de Sudamerijazz, quienes han buscado crear una mixtura entre el jazz y los sonidos latinoamericanos.<\/p>\n<p style=\"font-weight: 400;\">El s\u00e1bado, a partir de las 20:00 horas, ser\u00e1 el turno del cantautor de reggae, Jorge Mandala, y de Santyno, artista ovallino. Junto con ellos, se podr\u00e1 disfrutar del grupo de folcloristas femeninas Las Quintralas de la Cuarta, quienes buscan relevar la cueca urbana.<\/p>\n<p style=\"font-weight: 400;\">El domingo ser\u00e1 la jornada de cierre desde las 19:30 horas y la m\u00fasica urbana ser\u00e1 la protagonista con la presencia de Pablo El de las Voces y PX5, Carlos Olivares, ambos oriundos de Andacollo; tambi\u00e9n se presentar\u00e1 el serenense Akpein, quien se encuentra trabajando en la realizaci\u00f3n de su primer disco y la destacada Barbie Black.<\/p>\n","protected":false},"excerpt":{"rendered":"<p>a XI edici\u00f3n del reconocido certamen ser\u00e1 transmitida por\u00a0www.festivalarc.cl, as\u00ed como tambi\u00e9n a trav\u00e9s de canales de televisi\u00f3n regional. Cueca, m\u00fasica urbana, indie, reggae y jazz fusi\u00f3n es parte de la nutrida cartelera musical del evento.<\/p>\n","protected":false},"author":2,"featured_media":6628,"comment_status":"open","ping_status":"open","sticky":false,"template":"","format":"standard","meta":{"footnotes":""},"categories":[6],"tags":[],"class_list":["post-6627","post","type-post","status-publish","format-standard","has-post-thumbnail","hentry","category-regionales"],"_links":{"self":[{"href":"https:\/\/www.radiolimari.cl\/index.php?rest_route=\/wp\/v2\/posts\/6627","targetHints":{"allow":["GET"]}}],"collection":[{"href":"https:\/\/www.radiolimari.cl\/index.php?rest_route=\/wp\/v2\/posts"}],"about":[{"href":"https:\/\/www.radiolimari.cl\/index.php?rest_route=\/wp\/v2\/types\/post"}],"author":[{"embeddable":true,"href":"https:\/\/www.radiolimari.cl\/index.php?rest_route=\/wp\/v2\/users\/2"}],"replies":[{"embeddable":true,"href":"https:\/\/www.radiolimari.cl\/index.php?rest_route=%2Fwp%2Fv2%2Fcomments&post=6627"}],"version-history":[{"count":1,"href":"https:\/\/www.radiolimari.cl\/index.php?rest_route=\/wp\/v2\/posts\/6627\/revisions"}],"predecessor-version":[{"id":6629,"href":"https:\/\/www.radiolimari.cl\/index.php?rest_route=\/wp\/v2\/posts\/6627\/revisions\/6629"}],"wp:featuredmedia":[{"embeddable":true,"href":"https:\/\/www.radiolimari.cl\/index.php?rest_route=\/wp\/v2\/media\/6628"}],"wp:attachment":[{"href":"https:\/\/www.radiolimari.cl\/index.php?rest_route=%2Fwp%2Fv2%2Fmedia&parent=6627"}],"wp:term":[{"taxonomy":"category","embeddable":true,"href":"https:\/\/www.radiolimari.cl\/index.php?rest_route=%2Fwp%2Fv2%2Fcategories&post=6627"},{"taxonomy":"post_tag","embeddable":true,"href":"https:\/\/www.radiolimari.cl\/index.php?rest_route=%2Fwp%2Fv2%2Ftags&post=6627"}],"curies":[{"name":"wp","href":"https:\/\/api.w.org\/{rel}","templated":true}]}}