{"id":6621,"date":"2022-01-25T15:39:57","date_gmt":"2022-01-25T15:39:57","guid":{"rendered":"http:\/\/www.radiolimari.cl\/?p=6621"},"modified":"2022-01-25T15:39:57","modified_gmt":"2022-01-25T15:39:57","slug":"estudiantes-destacados-de-la-region-en-la-prueba-de-transicion-2021-fueron-destacados-por-consejeros-regionales","status":"publish","type":"post","link":"https:\/\/www.radiolimari.cl\/?p=6621","title":{"rendered":"Estudiantes destacados de la regi\u00f3n en la Prueba de Transici\u00f3n 2021 fueron destacados por Consejeros Regionales"},"content":{"rendered":"<p><a href=\"https:\/\/www.radiolimari.cl\/wp-content\/uploads\/2022\/01\/25.1-core-estudfiantes.jpeg\"><img decoding=\"async\" class=\"alignnone size-medium wp-image-6622\" src=\"https:\/\/www.radiolimari.cl\/wp-content\/uploads\/2022\/01\/25.1-core-estudfiantes-300x161.jpeg\" alt=\"25.1 core estudfiantes\" width=\"300\" height=\"161\" srcset=\"https:\/\/www.radiolimari.cl\/wp-content\/uploads\/2022\/01\/25.1-core-estudfiantes-300x160.jpeg 300w, https:\/\/www.radiolimari.cl\/wp-content\/uploads\/2022\/01\/25.1-core-estudfiantes-1024x551.jpeg 1024w, https:\/\/www.radiolimari.cl\/wp-content\/uploads\/2022\/01\/25.1-core-estudfiantes-620x330.jpeg 620w, https:\/\/www.radiolimari.cl\/wp-content\/uploads\/2022\/01\/25.1-core-estudfiantes.jpeg 1273w\" sizes=\"(max-width: 300px) 100vw, 300px\" \/><\/a><\/p>\n<p>Dos estudiantes de Ovalle tuvieron puntaje nacional en matem\u00e1ticas y Durante la \u00faltima sesi\u00f3n de la Comisi\u00f3n de Educaci\u00f3n y Cultura del CORE, sus integrantes se reunieron de forma telem\u00e1tica con quienes obtuvieron los siete mayores puntajes en la regi\u00f3n.\u00a0<!--more--><\/p>\n<p>M\u00e1s de 12.200 estudiantes rindieron su Prueba de Transici\u00f3n universitaria en diciembre pasado. Un proceso en el que siete estudiantes de la Regi\u00f3n de Coquimbo destacaron por sus puntajes, 5 de nivel nacional, y 5 regionales.<\/p>\n<p>Un logro que fue destacado por los consejeros regionales de la Comisi\u00f3n de Educaci\u00f3n y Cultura del Consejo Regional (CORE), quienes se reunieron con los estudiantes que obtuvieron estos puntajes, para conocerlos, reconocerlos y desearles \u00e9xito en el proceso de selecci\u00f3n y la fase de estudios.<\/p>\n<p>Amira Mauad egres\u00f3 del Colegio Ger\u00f3nimo Rendic y obtuvo 817 puntos en su prueba de comprensi\u00f3n lectora, alcanzando puntaje regional. Durante la reuni\u00f3n con los cores dijo que \u201cfue muy sorprendente, no me esperaba tener un puntaje as\u00ed, pero finalmente es fruto del esfuerzo y ahora quiero estudiar ingenier\u00eda comercial\u201d.<\/p>\n<p>Similar es el testimonio de Amanda Cerda, del Colegio International School, quien fue puntaje nacional en ciencias, con 850 puntos en su prueba de Ciencias, y hoy quiere estudiar medicina. \u201cYo no me lo esperaba, pero creo que es fruto del esfuerzo del a\u00f1o de estudio y del apoyo de mi familia y mi colegio, lo que me permiti\u00f3 abrir mis oportunidades y considerar universidades en las que no hab\u00eda pensado antes\u201d, se\u00f1al\u00f3.<\/p>\n<p>Durante el reconocimiento a los estudiantes destacados por sus puntajes, la presidenta de la comisi\u00f3n, Paola Cort\u00e9s, dijo que \u201cnos sentimos muy orgullosos de ustedes, esperamos que puedan seguir adelante con sus sue\u00f1os y que, m\u00e1s all\u00e1 de las dificultades que puedan encontrar en el camino, sigan adelante y no se rindan. Ahora vayan con toda la energ\u00eda y perseverancia a cumplir con las metas que se han trazado y para lo que hoy, gracias a su esfuerzo y el de sus padres, han podido quedar muy bien ubicados, escoger una muy buena universidad y seguir la carrera que desean\u201d.<\/p>\n<p>A Amira y Amanda, se sumaron a los reconocimientos Jos\u00e9 Z\u00fa\u00f1iga, egresado del Colegio Ingl\u00e9s Cat\u00f3lico de La Serena, quien tuvo puntaje nacional en ciencias (850); Sof\u00eda G\u00f3mez, del Colegio Ger\u00f3nimo Rendic de La Serena, que logr\u00f3 puntaje nacional en matem\u00e1ticas (850); Felipe Alarc\u00f3n, del Colegio Manuel Montt de Coquimbo, quien alcanz\u00f3 puntaje regional en historia y ciencias sociales (809).<\/p>\n<p>En la provincia de Limar\u00ed, destacaron dos puntajes nacionales en matem\u00e1ticas. Se trata de Catalina Sauterel, del Colegio Amalia Err\u00e1zuriz y Juli\u00e1n Vega, egresado del Liceo Alejandro \u00c1lvarez, ambos de la comuna de Ovalle.<\/p>\n<p>&nbsp;<\/p>\n<p>&nbsp;<\/p>\n","protected":false},"excerpt":{"rendered":"<p>Dos estudiantes de Ovalle tuvieron puntaje nacional en matem\u00e1ticas y Durante la \u00faltima sesi\u00f3n de la Comisi\u00f3n de Educaci\u00f3n y Cultura del CORE, sus integrantes se reunieron de forma telem\u00e1tica con quienes obtuvieron los siete mayores puntajes en la regi\u00f3n.\u00a0<\/p>\n","protected":false},"author":2,"featured_media":6622,"comment_status":"open","ping_status":"open","sticky":false,"template":"","format":"standard","meta":{"footnotes":""},"categories":[6],"tags":[],"class_list":["post-6621","post","type-post","status-publish","format-standard","has-post-thumbnail","hentry","category-regionales"],"_links":{"self":[{"href":"https:\/\/www.radiolimari.cl\/index.php?rest_route=\/wp\/v2\/posts\/6621","targetHints":{"allow":["GET"]}}],"collection":[{"href":"https:\/\/www.radiolimari.cl\/index.php?rest_route=\/wp\/v2\/posts"}],"about":[{"href":"https:\/\/www.radiolimari.cl\/index.php?rest_route=\/wp\/v2\/types\/post"}],"author":[{"embeddable":true,"href":"https:\/\/www.radiolimari.cl\/index.php?rest_route=\/wp\/v2\/users\/2"}],"replies":[{"embeddable":true,"href":"https:\/\/www.radiolimari.cl\/index.php?rest_route=%2Fwp%2Fv2%2Fcomments&post=6621"}],"version-history":[{"count":1,"href":"https:\/\/www.radiolimari.cl\/index.php?rest_route=\/wp\/v2\/posts\/6621\/revisions"}],"predecessor-version":[{"id":6623,"href":"https:\/\/www.radiolimari.cl\/index.php?rest_route=\/wp\/v2\/posts\/6621\/revisions\/6623"}],"wp:featuredmedia":[{"embeddable":true,"href":"https:\/\/www.radiolimari.cl\/index.php?rest_route=\/wp\/v2\/media\/6622"}],"wp:attachment":[{"href":"https:\/\/www.radiolimari.cl\/index.php?rest_route=%2Fwp%2Fv2%2Fmedia&parent=6621"}],"wp:term":[{"taxonomy":"category","embeddable":true,"href":"https:\/\/www.radiolimari.cl\/index.php?rest_route=%2Fwp%2Fv2%2Fcategories&post=6621"},{"taxonomy":"post_tag","embeddable":true,"href":"https:\/\/www.radiolimari.cl\/index.php?rest_route=%2Fwp%2Fv2%2Ftags&post=6621"}],"curies":[{"name":"wp","href":"https:\/\/api.w.org\/{rel}","templated":true}]}}