{"id":6608,"date":"2022-01-19T15:11:12","date_gmt":"2022-01-19T15:11:12","guid":{"rendered":"http:\/\/www.radiolimari.cl\/?p=6608"},"modified":"2022-01-19T15:11:12","modified_gmt":"2022-01-19T15:11:12","slug":"municipio-de-ovalle-invita-a-participar-en-talleres-de-verano-para-personas-en-situacion-de-discapacidad","status":"publish","type":"post","link":"https:\/\/www.radiolimari.cl\/?p=6608","title":{"rendered":"Municipio de Ovalle Invita a participar en talleres de verano para personas en situaci\u00f3n de discapacidad"},"content":{"rendered":"<p><a href=\"https:\/\/www.radiolimari.cl\/wp-content\/uploads\/2022\/01\/19.1-Taller-de-Mandalas.jpg\"><img fetchpriority=\"high\" decoding=\"async\" class=\"alignnone size-medium wp-image-6609\" src=\"https:\/\/www.radiolimari.cl\/wp-content\/uploads\/2022\/01\/19.1-Taller-de-Mandalas-300x225.jpg\" alt=\"19.1 Taller de Mandalas\" width=\"300\" height=\"225\" srcset=\"https:\/\/www.radiolimari.cl\/wp-content\/uploads\/2022\/01\/19.1-Taller-de-Mandalas-300x225.jpg 300w, https:\/\/www.radiolimari.cl\/wp-content\/uploads\/2022\/01\/19.1-Taller-de-Mandalas-1024x768.jpg 1024w, https:\/\/www.radiolimari.cl\/wp-content\/uploads\/2022\/01\/19.1-Taller-de-Mandalas.jpg 1600w\" sizes=\"(max-width: 300px) 100vw, 300px\" \/><\/a><\/p>\n<p><strong><em>Durante enero se llevar\u00e1n a cabo dos talleres, con el fin de complementar las terapias que se realizan en el Centro de Rehabilitaci\u00f3n Integral del municipio de Ovalle. <\/em><\/strong><!--more--><\/p>\n<p>Como forma de complementar las terapias de los integrantes del Centro de Rehabilitaci\u00f3n de Ovalle, que funciona bajo el alero del municipio local, se habilitar\u00e1n dos talleres durante la temporada estival. Estas actividades, se realizar\u00e1n en las dependencias donde funciona el programa Psircutop\u00eda, ubicadas Avenida La Paz #605, en la poblaci\u00f3n Media Hacienda. La iniciativa est\u00e1 abierta a la comunidad de forma gratuita y est\u00e1 dirigida a personas en situaci\u00f3n de discapacidad, con el prop\u00f3sito de darle un mejor acompa\u00f1amiento y potenciar su proceso de rehabilitaci\u00f3n.<\/p>\n<p>El primero de los talleres se denomina de \u201cRelajaci\u00f3n para Cuidadores y Cuidadores\u201d y se desarrollar\u00e1 todos los jueves del mes de febrero, desde las 15.00\u00a0 horas, el cual estar\u00e1 dirigido por el profesor de Educaci\u00f3n F\u00edsica, Camilo Echeverr\u00eda. A este se sumar\u00e1 el taller de M\u00e1ndalas, confeccionados con lanas de colores, dirigido para ni\u00f1os, ni\u00f1as y j\u00f3venes en situaci\u00f3n de discapacidad, el cual ser\u00e1 impartido por Carla Rojas Flores.<\/p>\n<p>\u201cLas inscripciones estar\u00e1n abiertas durante el mes de enero en dependencias del Centro de Rehabilitaci\u00f3n ubicado en Avenida La Paz #605. Esta iniciativa est\u00e1 abierta a la comunidad y es totalmente gratuita\u201d sostuvo el encargado de la Oficina de la Discapacidad, Felipe Mu\u00f1oz.<\/p>\n<p>Los interesados pueden realizar sus consultas e inscripci\u00f3n en el correo electr\u00f3nico <a href=\"mailto:ovallecapacidades@gmail.com\">ovallecapacidades@gmail.com<\/a> o llamar +56 9 61201489<\/p>\n<p>Recordemos, que durante el periodo estival, la Oficina Comunal de la Discapacidad y Centro de\u00a0 Rehabilitaci\u00f3n Integral de Ovalle siguen funcionando, donde los profesionales atienden a m\u00e1s 330 usuarios, que semanalmente asisten para someterse a procesos de rehabilitaci\u00f3n.<\/p>\n<p>&nbsp;<\/p>\n<p>&nbsp;<\/p>\n","protected":false},"excerpt":{"rendered":"<p>Durante enero se llevar\u00e1n a cabo dos talleres, con el fin de complementar las terapias que se realizan en el Centro de Rehabilitaci\u00f3n Integral del municipio de Ovalle.<\/p>\n","protected":false},"author":2,"featured_media":6609,"comment_status":"open","ping_status":"open","sticky":false,"template":"","format":"standard","meta":{"footnotes":""},"categories":[5],"tags":[],"class_list":["post-6608","post","type-post","status-publish","format-standard","has-post-thumbnail","hentry","category-actualidad-limarina"],"_links":{"self":[{"href":"https:\/\/www.radiolimari.cl\/index.php?rest_route=\/wp\/v2\/posts\/6608","targetHints":{"allow":["GET"]}}],"collection":[{"href":"https:\/\/www.radiolimari.cl\/index.php?rest_route=\/wp\/v2\/posts"}],"about":[{"href":"https:\/\/www.radiolimari.cl\/index.php?rest_route=\/wp\/v2\/types\/post"}],"author":[{"embeddable":true,"href":"https:\/\/www.radiolimari.cl\/index.php?rest_route=\/wp\/v2\/users\/2"}],"replies":[{"embeddable":true,"href":"https:\/\/www.radiolimari.cl\/index.php?rest_route=%2Fwp%2Fv2%2Fcomments&post=6608"}],"version-history":[{"count":1,"href":"https:\/\/www.radiolimari.cl\/index.php?rest_route=\/wp\/v2\/posts\/6608\/revisions"}],"predecessor-version":[{"id":6610,"href":"https:\/\/www.radiolimari.cl\/index.php?rest_route=\/wp\/v2\/posts\/6608\/revisions\/6610"}],"wp:featuredmedia":[{"embeddable":true,"href":"https:\/\/www.radiolimari.cl\/index.php?rest_route=\/wp\/v2\/media\/6609"}],"wp:attachment":[{"href":"https:\/\/www.radiolimari.cl\/index.php?rest_route=%2Fwp%2Fv2%2Fmedia&parent=6608"}],"wp:term":[{"taxonomy":"category","embeddable":true,"href":"https:\/\/www.radiolimari.cl\/index.php?rest_route=%2Fwp%2Fv2%2Fcategories&post=6608"},{"taxonomy":"post_tag","embeddable":true,"href":"https:\/\/www.radiolimari.cl\/index.php?rest_route=%2Fwp%2Fv2%2Ftags&post=6608"}],"curies":[{"name":"wp","href":"https:\/\/api.w.org\/{rel}","templated":true}]}}