{"id":6601,"date":"2022-01-19T14:43:41","date_gmt":"2022-01-19T14:43:41","guid":{"rendered":"http:\/\/www.radiolimari.cl\/?p=6601"},"modified":"2022-01-19T14:44:11","modified_gmt":"2022-01-19T14:44:11","slug":"en-ovalle-estara-la-furgoneta-de-la-ciencia-que-ademas-recorrera-la-region-de-coquimbo-para-invitar-a-la-comunidad-a-nuevo-circuito-turistico-cientifico-gratuito","status":"publish","type":"post","link":"https:\/\/www.radiolimari.cl\/?p=6601","title":{"rendered":"En Ovalle estar\u00e1 la \u201cFurgoneta de la ciencia\u201d que adem\u00e1s recorrer\u00e1 la regi\u00f3n de Coquimbo para invitar a la comunidad a nuevo circuito tur\u00edstico-cient\u00edfico gratuito"},"content":{"rendered":"<p><a href=\"https:\/\/www.radiolimari.cl\/wp-content\/uploads\/2022\/01\/19.1-furgoneta-de-la-ciencia.jpeg\"><img fetchpriority=\"high\" decoding=\"async\" class=\"alignnone size-medium wp-image-6602\" src=\"https:\/\/www.radiolimari.cl\/wp-content\/uploads\/2022\/01\/19.1-furgoneta-de-la-ciencia-300x213.jpeg\" alt=\"19.1 furgoneta de la ciencia\" width=\"300\" height=\"213\" srcset=\"https:\/\/www.radiolimari.cl\/wp-content\/uploads\/2022\/01\/19.1-furgoneta-de-la-ciencia-300x213.jpeg 300w, https:\/\/www.radiolimari.cl\/wp-content\/uploads\/2022\/01\/19.1-furgoneta-de-la-ciencia.jpeg 580w\" sizes=\"(max-width: 300px) 100vw, 300px\" \/><\/a><\/p>\n<p><span style=\"font-weight: 600; color: #000000;\">El\u00a0 26 de enero el tour cient\u00edfico llegar\u00e1 a Ovalle\u00a0 con actividades para acercar a la comunidad a la ciencia y presentar el circuito \u00abCompartiendo Caleta la Ciencia de Coquimbo\u00bb como panorama gratuito para la regi\u00f3n.<\/span><!--more--><\/p>\n<p style=\"font-weight: 600; color: #000000;\">E\u00a0programa Cient\u00edficos de la Basura y el Centro de Estudios Avanzados en Zonas \u00c1ridas (CEAZA) comenzaron un recorrido cient\u00edfico hacia diferentes puntos de la regi\u00f3n llevando exposiciones y actividades gratuitas para la comunidad, con el fin de dar a conocer la ciencia de una forma entretenida. En concreto, estavo el 18 en la plaza de Vicu\u00f1a, mientras que el 24 y 26 en Andacollo y Ovalle respectivamente.<\/p>\n<p style=\"font-weight: 600; color: #000000;\">En esta actividad itinerante los cient\u00edficos y cient\u00edficas llegan en la furgoneta de la ciencia, el \u201cCEAZA M\u00f3vil\u201d, con el objetivo de dar a conocer el nuevo proyecto del programa Cient\u00edficos de la Basura \u201cCompartiendo Caleta la Ciencia\u201d, entre otros interesantes panoramas.<\/p>\n<p style=\"font-weight: 600; color: #000000;\">Tras meses de preparaci\u00f3n, el nuevo circuito cient\u00edfico-tur\u00edstico \u2013 que lleva el mismo nombre- logra plasmar en cada una de sus cinco estaciones los conocimientos de los pescadores de Guayac\u00e1n sobre el mar y la investigaci\u00f3n cient\u00edfica que se realiza desde la Universidad Cat\u00f3lica del Norte (UCN), con visitas guiadas y actividades interactivas.<\/p>\n<p style=\"font-weight: 600; color: #000000;\">Estas estaciones est\u00e1n ubicadas en la Caleta de pescadores de Guayac\u00e1n, en la playa El C\u00f3ndor, en el port\u00f3n de entrada de la UCN sede Coquimbo, en la zona de descanso del sendero costero de la misma instituci\u00f3n y en el acuario y museo de la universidad.<\/p>\n<p style=\"font-weight: 600; color: #000000;\">A trav\u00e9s de las visitas en el \u201cCEAZA M\u00f3vil\u201d, se busca acercar, de forma entretenida, a los residentes de las diferentes localidades de Coquimbo a este nuevo panorama gratuito y para toda la familia, especialmente para quienes tienen inter\u00e9s por la ciencia y el oc\u00e9ano.<\/p>\n<p style=\"font-weight: 600; color: #000000;\"><strong style=\"font-weight: bold;\">Panorama para toda la familia<\/strong><\/p>\n<p style=\"font-weight: 600; color: #000000;\">El recorrido conecta cerca de 350 metros entre las estaciones en cada extremo y cada una de ellas incluye paneles informativos sobre la historia de la Caleta de Guayac\u00e1n, intermareal rocoso, contaminaci\u00f3n marina, entre otros. Adem\u00e1s, cuenta con sitios de observaci\u00f3n y herramientas interactivas como c\u00e1maras submarinas y de aves.<\/p>\n<p style=\"font-weight: 600; color: #000000;\">\u201cHemos incluido diferentes tem\u00e1ticas relacionadas al mar y su biodiversidad, adem\u00e1s de varios elementos interactivos, para que quienes nos visiten participen activamente y su experiencia sea memorable. Este circuito est\u00e1 pensado para todas las edades y localidades, incluso esperamos que los turistas de otras regiones aprovechen para acercarse a la ciencia en esta \u00e9poca estival\u201d, dijo Valeska Guevara, coordinadora general del proyecto.<\/p>\n<p style=\"font-weight: 600; color: #000000;\">\u201cNos sentimos orgullosos de participar de este proyecto, ya que la pesca artesanal no se ve muy ligada al mundo de la ciencia, y por eso ha sido muy importante transmitir esta experiencia de vida a los m\u00e1s j\u00f3venes, quienes nos hicieron sentir muy importantes, sobre todo con el inter\u00e9s que mostraban hacia nosotros durante el proyecto\u201d, coment\u00f3 Oscar Araya, presidente de la asociaci\u00f3n gremial de pescadores de la Caleta de Guayac\u00e1n.<\/p>\n<p style=\"font-weight: 600; color: #000000;\"><strong style=\"font-weight: bold;\">Un referente regional<\/strong><\/p>\n<p style=\"font-weight: 600; color: #000000;\">El circuito est\u00e1 habilitado durante esta \u00e9poca estival con monitores que guiar\u00e1n la visita, desde las 11 a las 17 hrs y durante el resto del a\u00f1o, como una alternativa para todos los visitantes y tambi\u00e9n para la comunidad local de la regi\u00f3n de Coquimbo, que justamente destaca por su costa.<\/p>\n<p style=\"font-weight: 600; color: #000000;\">En las visitas de Cient\u00edficos de la Basura y CEAZA estar\u00e1 presente parte del equipo que coordin\u00f3 el proyecto, con la intenci\u00f3n de responder dudas y poder orientar a vecinos y vecinas sobre c\u00f3mo llegar al sector.<\/p>\n<p style=\"font-weight: 600; color: #000000;\">Para visitar el circuito, las personas solo deben acercarse a las zonas donde est\u00e1n emplazadas las estaciones. En el caso de las que est\u00e1n dentro de la Universidad Cat\u00f3lica del Norte, se deber\u00e1 rellenar una peque\u00f1a encuesta sanitaria que podr\u00e1n solicitar a trav\u00e9s de redes sociales (@compartiendocaleta_laciencia) o enviando un correo a cientificosdelabasura@gmail.com.<\/p>\n<p style=\"font-weight: 600; color: #000000;\">\n","protected":false},"excerpt":{"rendered":"<p>El\u00a0 26 de enero el tour cient\u00edfico llegar\u00e1 a Ovalle\u00a0 con actividades para acercar a la comunidad a la ciencia y presentar el circuito \u00abCompartiendo Caleta la Ciencia de Coquimbo\u00bb como panorama gratuito para la regi\u00f3n.<\/p>\n","protected":false},"author":2,"featured_media":6602,"comment_status":"open","ping_status":"open","sticky":false,"template":"","format":"standard","meta":{"footnotes":""},"categories":[6],"tags":[],"class_list":["post-6601","post","type-post","status-publish","format-standard","has-post-thumbnail","hentry","category-regionales"],"_links":{"self":[{"href":"https:\/\/www.radiolimari.cl\/index.php?rest_route=\/wp\/v2\/posts\/6601","targetHints":{"allow":["GET"]}}],"collection":[{"href":"https:\/\/www.radiolimari.cl\/index.php?rest_route=\/wp\/v2\/posts"}],"about":[{"href":"https:\/\/www.radiolimari.cl\/index.php?rest_route=\/wp\/v2\/types\/post"}],"author":[{"embeddable":true,"href":"https:\/\/www.radiolimari.cl\/index.php?rest_route=\/wp\/v2\/users\/2"}],"replies":[{"embeddable":true,"href":"https:\/\/www.radiolimari.cl\/index.php?rest_route=%2Fwp%2Fv2%2Fcomments&post=6601"}],"version-history":[{"count":2,"href":"https:\/\/www.radiolimari.cl\/index.php?rest_route=\/wp\/v2\/posts\/6601\/revisions"}],"predecessor-version":[{"id":6604,"href":"https:\/\/www.radiolimari.cl\/index.php?rest_route=\/wp\/v2\/posts\/6601\/revisions\/6604"}],"wp:featuredmedia":[{"embeddable":true,"href":"https:\/\/www.radiolimari.cl\/index.php?rest_route=\/wp\/v2\/media\/6602"}],"wp:attachment":[{"href":"https:\/\/www.radiolimari.cl\/index.php?rest_route=%2Fwp%2Fv2%2Fmedia&parent=6601"}],"wp:term":[{"taxonomy":"category","embeddable":true,"href":"https:\/\/www.radiolimari.cl\/index.php?rest_route=%2Fwp%2Fv2%2Fcategories&post=6601"},{"taxonomy":"post_tag","embeddable":true,"href":"https:\/\/www.radiolimari.cl\/index.php?rest_route=%2Fwp%2Fv2%2Ftags&post=6601"}],"curies":[{"name":"wp","href":"https:\/\/api.w.org\/{rel}","templated":true}]}}