{"id":6598,"date":"2022-01-19T14:25:51","date_gmt":"2022-01-19T14:25:51","guid":{"rendered":"http:\/\/www.radiolimari.cl\/?p=6598"},"modified":"2022-01-19T14:25:51","modified_gmt":"2022-01-19T14:25:51","slug":"en-monte-patria-ninos-y-ninas-participan-de-talleres-de-natacion-gratuitos","status":"publish","type":"post","link":"https:\/\/www.radiolimari.cl\/?p=6598","title":{"rendered":"En Monte Patria, ni\u00f1os y ni\u00f1as participan de talleres de nataci\u00f3n gratuitos"},"content":{"rendered":"<p><a href=\"https:\/\/www.radiolimari.cl\/wp-content\/uploads\/2022\/01\/19.1-monte-patria.jpg\"><img fetchpriority=\"high\" decoding=\"async\" class=\"alignnone size-medium wp-image-6599\" src=\"https:\/\/www.radiolimari.cl\/wp-content\/uploads\/2022\/01\/19.1-monte-patria-300x225.jpg\" alt=\"19.1 monte patria\" width=\"300\" height=\"225\" srcset=\"https:\/\/www.radiolimari.cl\/wp-content\/uploads\/2022\/01\/19.1-monte-patria-300x225.jpg 300w, https:\/\/www.radiolimari.cl\/wp-content\/uploads\/2022\/01\/19.1-monte-patria.jpg 827w\" sizes=\"(max-width: 300px) 100vw, 300px\" \/><\/a><\/p>\n<p><strong>La iniciativa desarrollada por la Municipalidad se llevar\u00e1 a cabo durante los meses de enero y febrero, con clases dos veces a la semana en el camping municipal.<\/strong><!--more--><\/p>\n<p>Aprender a nadar puede salvar una vida en el momento preciso. Y es por eso que, dada su importancia, la Ilustre Municipalidad de Monte Patria, en el marco de sus actividades de verano 2022, dio el vamos a los talleres de nataci\u00f3n para ni\u00f1os y ni\u00f1as de la comuna.<\/p>\n<p>La actividad que se imparte de forma gratuita los martes y jueves de la temporada estival en las dependencias del camping municipal fue un \u00e9xito de participaci\u00f3n ciudadana al momento de sus inscripciones, completando en solo d\u00edas su aforo m\u00e1ximo.<\/p>\n<p>La entretenida actividad acu\u00e1tica, que en su primer d\u00eda de clases convoc\u00f3 a decenas de ni\u00f1os y ni\u00f1as, tiene como finalidad que ellos aprendan a mantener el control dentro del agua cuando est\u00e1n vacacionando en alg\u00fan sector como r\u00edos, playas o piscinas. Para V\u00edctor Arqueros, coordinador de la Oficina del Deporte de Monte Patria, la idea de incluir un panorama as\u00ed en el calendario es que \u201cnuestros ni\u00f1os de la comuna puedan tener una mejor herramienta cuando se enfrentan al agua, que es un ambiente diferente al cual estamos acostumbrados\u201d, se\u00f1al\u00f3.<\/p>\n<p>Cabe destacar que las clases se realizan en dos horarios distintos: de 11.00 a 12.00 horas para los ni\u00f1os y ni\u00f1as de 6 a 8 a\u00f1os y desde las 12.00 hasta las 13.00 horas para ni\u00f1os de 9-12 a\u00f1os respectivamente. Dicha divisi\u00f3n por grupo tiene dos prop\u00f3sitos fundamentales: El primero consta de nivelar y aclimatar a los ni\u00f1os en la piscina que tiene menor profundidad y el segundo est\u00e1 relacionado con la capacidad de aforo que tienen establecidos por protocolo sanitario, debido a las circunstancias actuales de la pandemia en el pa\u00eds.<\/p>\n<p>&nbsp;<\/p>\n<p><strong>MOMENTO DE ENTRETENIMIENTO Y APRENDIZAJE<\/strong><\/p>\n<p>Los talleres no solo atrajeron al p\u00fablico infantil, sino que tambi\u00e9n estuvieron presentes en el lugar varios padres que, aprovechando la amplitud de las inmediaciones se ubicaron cerca de la piscina para observar la clase, sinti\u00e9ndose orgullosos de cada logro de sus hijos en cada una de las t\u00e9cnicas impartidas por el profesor. Nadia Rojas, madre de una de las asistentes al taller, indic\u00f3 que su hija \u201cest\u00e1 entusiasmada con las clases, le ayudan a socializar y compartir con los compa\u00f1eros que vienen. adem\u00e1s, desarrolla mayor confianza con el agua, lo cual es muy importante\u201d.<\/p>\n<p>Sin duda esta actividad, adem\u00e1s de sacar de la rutina a muchos ni\u00f1os y ni\u00f1as de la comuna, tambi\u00e9n es una instancia para que ellos puedan socializar con sus pares en un ambiente relajado donde se practica deporte y se refuerzan las habilidades sociales de cada uno. \u201cTirarse un chapuz\u00f3n a veces no resulta ser una tarea sencilla\u201d, as\u00ed lo se\u00f1ala Rodrigo Araya, profesor encargado de la actividad, quien, adem\u00e1s mencion\u00f3 que \u201cen un principio a los ni\u00f1os les cuesta por el miedo a la temperatura del agua, pero cuando logran entender que el cuerpo se adapta al cambio ya pierden el miedo. La idea es que los alumnos puedan tirarse al agua desde la primera clase\u201d.<\/p>\n","protected":false},"excerpt":{"rendered":"<p>La iniciativa desarrollada por la Municipalidad se llevar\u00e1 a cabo durante los meses de enero y febrero, con clases dos veces a la semana en el camping municipal.<\/p>\n","protected":false},"author":2,"featured_media":6599,"comment_status":"open","ping_status":"open","sticky":false,"template":"","format":"standard","meta":{"footnotes":""},"categories":[5],"tags":[],"class_list":["post-6598","post","type-post","status-publish","format-standard","has-post-thumbnail","hentry","category-actualidad-limarina"],"_links":{"self":[{"href":"https:\/\/www.radiolimari.cl\/index.php?rest_route=\/wp\/v2\/posts\/6598","targetHints":{"allow":["GET"]}}],"collection":[{"href":"https:\/\/www.radiolimari.cl\/index.php?rest_route=\/wp\/v2\/posts"}],"about":[{"href":"https:\/\/www.radiolimari.cl\/index.php?rest_route=\/wp\/v2\/types\/post"}],"author":[{"embeddable":true,"href":"https:\/\/www.radiolimari.cl\/index.php?rest_route=\/wp\/v2\/users\/2"}],"replies":[{"embeddable":true,"href":"https:\/\/www.radiolimari.cl\/index.php?rest_route=%2Fwp%2Fv2%2Fcomments&post=6598"}],"version-history":[{"count":1,"href":"https:\/\/www.radiolimari.cl\/index.php?rest_route=\/wp\/v2\/posts\/6598\/revisions"}],"predecessor-version":[{"id":6600,"href":"https:\/\/www.radiolimari.cl\/index.php?rest_route=\/wp\/v2\/posts\/6598\/revisions\/6600"}],"wp:featuredmedia":[{"embeddable":true,"href":"https:\/\/www.radiolimari.cl\/index.php?rest_route=\/wp\/v2\/media\/6599"}],"wp:attachment":[{"href":"https:\/\/www.radiolimari.cl\/index.php?rest_route=%2Fwp%2Fv2%2Fmedia&parent=6598"}],"wp:term":[{"taxonomy":"category","embeddable":true,"href":"https:\/\/www.radiolimari.cl\/index.php?rest_route=%2Fwp%2Fv2%2Fcategories&post=6598"},{"taxonomy":"post_tag","embeddable":true,"href":"https:\/\/www.radiolimari.cl\/index.php?rest_route=%2Fwp%2Fv2%2Ftags&post=6598"}],"curies":[{"name":"wp","href":"https:\/\/api.w.org\/{rel}","templated":true}]}}