{"id":6595,"date":"2022-01-14T12:33:44","date_gmt":"2022-01-14T12:33:44","guid":{"rendered":"http:\/\/www.radiolimari.cl\/?p=6595"},"modified":"2022-01-14T12:33:44","modified_gmt":"2022-01-14T12:33:44","slug":"en-ovalle-sercotec-renueva-las-instalaciones-del-centro-de-negocios-para-potenciar-apoyo-a-los-emprendedores","status":"publish","type":"post","link":"https:\/\/www.radiolimari.cl\/?p=6595","title":{"rendered":"En Ovalle Sercotec renueva las instalaciones  del Centro de Negocios para potenciar apoyo a los emprendedores"},"content":{"rendered":"<p><a href=\"https:\/\/www.radiolimari.cl\/wp-content\/uploads\/2022\/01\/14.1-CENTRO-OVALLE-FOTO-Reinauguran-Centro-de-Negocios-Sercotec-Ovalle-3.jpeg\"><img fetchpriority=\"high\" decoding=\"async\" class=\"alignnone size-medium wp-image-6596\" src=\"https:\/\/www.radiolimari.cl\/wp-content\/uploads\/2022\/01\/14.1-CENTRO-OVALLE-FOTO-Reinauguran-Centro-de-Negocios-Sercotec-Ovalle-3-300x225.jpeg\" alt=\"14.1 CENTRO OVALLE - FOTO Reinauguran Centro de Negocios Sercotec Ovalle 3\" width=\"300\" height=\"225\" srcset=\"https:\/\/www.radiolimari.cl\/wp-content\/uploads\/2022\/01\/14.1-CENTRO-OVALLE-FOTO-Reinauguran-Centro-de-Negocios-Sercotec-Ovalle-3-300x225.jpeg 300w, https:\/\/www.radiolimari.cl\/wp-content\/uploads\/2022\/01\/14.1-CENTRO-OVALLE-FOTO-Reinauguran-Centro-de-Negocios-Sercotec-Ovalle-3-1024x768.jpeg 1024w, https:\/\/www.radiolimari.cl\/wp-content\/uploads\/2022\/01\/14.1-CENTRO-OVALLE-FOTO-Reinauguran-Centro-de-Negocios-Sercotec-Ovalle-3.jpeg 1600w\" sizes=\"(max-width: 300px) 100vw, 300px\" \/><\/a><\/p>\n<p><em>El servicio dependiente del Ministerio de Econom\u00eda entrega apoyo, asesor\u00edas y capacitaciones gratuitas a las pymes de los sectores de agroindustria, turismo y comercio y para esta nueva etapa espera atender a m\u00e1s de 1900 nuevas microempresas.<\/em><!--more--><\/p>\n<p>En pleno centro de la ciudad, el Centro de Negocios Sercotec Ovalle abri\u00f3 sus puertas para mostrar su renovada infraestructura con una ceremonia en la que asistieron el delegado presidencial provincial, Iv\u00e1n Espinoza el gerente de Centros de Negocios, Alejandro Miranda, el alcalde de Ovalle, Claudio Renter\u00eda, la asesora regional ministerial Karen Leichtle y el director regional de Sercotec Fernando Contreras, entre otras autoridades.<\/p>\n<p>Durante la jornada, las autoridades realizaron un recorrido por las instalaciones junto a los microempresarios, quienes conocieron las nuevas oficinas y dependencias que, ahora consideran una conexi\u00f3n entre la sala de capacitaci\u00f3n y la sala tecnol\u00f3gica para as\u00ed generar un espacio m\u00e1s amplio en donde ofrecer talleres y charlas, las mismas que est\u00e1n a cargo de un equipo de 7 profesionales.<\/p>\n<p>Ante este logro, el director nacional de Sercotec, Bruno Trisotti, se\u00f1al\u00f3 que <strong>\u201cestamos llegando a todos los territorios y queremos seguir impulsando a las pymes que son nuestro orgullo nacional y parte de la reactivaci\u00f3n econ\u00f3mica de nuestro pa\u00eds. Sabemos que emprender no es f\u00e1cil, por eso invito a todos quienes tengan una idea de negocio que se acerquen a su centro de negocios m\u00e1s cercano, para que su emprendimiento sea sustentable y logre el \u00e9xito en el tiempo\u201d<\/strong>.<\/p>\n<p>En tanto, el director regional de Sercotec, Fernando Contreras Jara, detall\u00f3 que <strong>\u201cestamos muy felices, ya que los dos profesionales que se integraron, y las nuevas instalaciones, nos permitir\u00e1n un servicio de mayor calidad a nuestros clientes, el que en esta oportunidad adem\u00e1s incorpora la posibilidad de que en el centro se puedan sacar fotograf\u00edas profesionales y una impresora 3D para ofertar y desarrollar productos de mejor forma\u201d<\/strong>.<\/p>\n<p>Por su parte, el coordinador del Centro de Negocios Sercotec Ovalle, V\u00edctor Illanes, manifest\u00f3 que <strong>\u201cestamos muy satisfechos de lo que estamos haciendo, \u00a0porque nuestro norte siempre ha sido apoyar a los microempresarios y sus familias, para que mejoren sus condiciones de negocio y trabajo y con ello, al final de la jornada, cada uno pueda estar contento al saber que lo que se est\u00e1 haciendo, se est\u00e1 haciendo bien\u201d.<\/strong><\/p>\n<p>Una actividad de lanzamiento que concluy\u00f3 con una muestra de emprendedores en la que particip\u00f3 Marlenne Pizarro, terapeuta y administradora de Mundo Marr\u00f3n, quien detall\u00f3 que <strong>\u201cpara nosotros es s\u00faper bueno que el centro est\u00e9 siempre evolucionando, para seguir apoyando a m\u00e1s emprendedores como nosotros que necesitamos este apoyo fundamental que incluye asesor\u00edas personalizadas\u201d<\/strong>.<\/p>\n<p>Comprometido esfuerzo por apoyar, en este per\u00edodo, a m\u00e1s de 1900 microempresarias y microempresarios que pusieron sus negocios en el centro de su vida y que aspiran a mejorar su gesti\u00f3n empresarial, aumentar sus ventas, generar empleos, proyectarse y consolidarse en el tiempo.<\/p>\n<p>&nbsp;<\/p>\n<p><strong>ACERCA DEL CENTRO DE NEGOCIOS SERCOTEC OVALLE<\/strong><\/p>\n<p>El Centro de Negocios Sercotec Ovalle es un servicio que apoya a emprendedoras, emprendedores, microempresarios y microempresarias de la Provincia del Limar\u00ed, con capacitaciones y asesor\u00edas especializadas.<\/p>\n<p>Para ello cuenta con sus instalaciones emplazadas en Calle Carmen 389, Ovalle, las cuales atienden de lunes a viernes de 09:00 a 18:00 horas en horario continuado y tambi\u00e9n a trav\u00e9s del Instagram @cnsovalle y el correo <a href=\"mailto:contacto.ovalle@centrossercotec.cl\">contacto.ovalle@centrossercotec.cl<\/a> o visitando las instalaciones emplazadas.<\/p>\n<p>&nbsp;<\/p>\n<p>&nbsp;<\/p>\n<p>&nbsp;<\/p>\n","protected":false},"excerpt":{"rendered":"<p>El servicio dependiente del Ministerio de Econom\u00eda entrega apoyo, asesor\u00edas y capacitaciones gratuitas a las pymes de los sectores de agroindustria, turismo y comercio y para esta nueva etapa espera atender a m\u00e1s de 1900 nuevas microempresas.<\/p>\n","protected":false},"author":2,"featured_media":6596,"comment_status":"open","ping_status":"open","sticky":false,"template":"","format":"standard","meta":{"footnotes":""},"categories":[5],"tags":[],"class_list":["post-6595","post","type-post","status-publish","format-standard","has-post-thumbnail","hentry","category-actualidad-limarina"],"_links":{"self":[{"href":"https:\/\/www.radiolimari.cl\/index.php?rest_route=\/wp\/v2\/posts\/6595","targetHints":{"allow":["GET"]}}],"collection":[{"href":"https:\/\/www.radiolimari.cl\/index.php?rest_route=\/wp\/v2\/posts"}],"about":[{"href":"https:\/\/www.radiolimari.cl\/index.php?rest_route=\/wp\/v2\/types\/post"}],"author":[{"embeddable":true,"href":"https:\/\/www.radiolimari.cl\/index.php?rest_route=\/wp\/v2\/users\/2"}],"replies":[{"embeddable":true,"href":"https:\/\/www.radiolimari.cl\/index.php?rest_route=%2Fwp%2Fv2%2Fcomments&post=6595"}],"version-history":[{"count":1,"href":"https:\/\/www.radiolimari.cl\/index.php?rest_route=\/wp\/v2\/posts\/6595\/revisions"}],"predecessor-version":[{"id":6597,"href":"https:\/\/www.radiolimari.cl\/index.php?rest_route=\/wp\/v2\/posts\/6595\/revisions\/6597"}],"wp:featuredmedia":[{"embeddable":true,"href":"https:\/\/www.radiolimari.cl\/index.php?rest_route=\/wp\/v2\/media\/6596"}],"wp:attachment":[{"href":"https:\/\/www.radiolimari.cl\/index.php?rest_route=%2Fwp%2Fv2%2Fmedia&parent=6595"}],"wp:term":[{"taxonomy":"category","embeddable":true,"href":"https:\/\/www.radiolimari.cl\/index.php?rest_route=%2Fwp%2Fv2%2Fcategories&post=6595"},{"taxonomy":"post_tag","embeddable":true,"href":"https:\/\/www.radiolimari.cl\/index.php?rest_route=%2Fwp%2Fv2%2Ftags&post=6595"}],"curies":[{"name":"wp","href":"https:\/\/api.w.org\/{rel}","templated":true}]}}