{"id":6589,"date":"2022-01-07T01:27:42","date_gmt":"2022-01-07T01:27:42","guid":{"rendered":"http:\/\/www.radiolimari.cl\/?p=6589"},"modified":"2022-01-14T01:32:46","modified_gmt":"2022-01-14T01:32:46","slug":"en-ovalle-destacan-ejecucion-de-proyecto-para-erradicar-la-violencia-contra-la-mujer","status":"publish","type":"post","link":"https:\/\/www.radiolimari.cl\/?p=6589","title":{"rendered":"En Ovalle destacan ejecuci\u00f3n de proyecto para  erradicar la violencia contra la Mujer"},"content":{"rendered":"<p><em>Lo lidera la Junta de Vecinos Mirador de Limar\u00ed gracias a un fondo del Gobierno Regional. A trav\u00e9s de capsulas radiales se busca concientizar y educar a la poblaci\u00f3n en la tem\u00e1tica<\/em><\/p>\n<p>\u201cAvanzando en Erradicaci\u00f3n de la Violencia Contra la Mujer\u201d, as\u00ed se denomina el proyecto que obtuvo y est\u00e1 ejecutando actualmente la Junta de Vecinos Mirador de Limar\u00ed de Ovalle gracias al Fondo Social de Car\u00e1cter Regional que impulsa el Gobierno Regional<\/p>\n<p>El objetivo de esta iniciativa es educar a la poblaci\u00f3n sobre la prevenci\u00f3n de violencia contra las mujeres, sobre todo a temprana edad o en el pololeo. El proyecto contempla la ejecuci\u00f3n de c\u00e1psulas o frases radiales para concientizar a la comunidad sobre esta tem\u00e1tica. Asimismo, el proyecto tambi\u00e9n ser\u00e1 difundido en medios digitales a trav\u00e9s de notas de prensa.<\/p>\n<p>La presidenta de la Junta de Vecinos del Mirador de Limar\u00ed, Lorena Mu\u00f1oz destac\u00f3 el apoyo del Gobierno Regional para abordar el tema de la violencia contra las mujeres, <strong>\u201choy en la sociedad y en Ovalle el tema de la violencia contra nosotras las mujeres es una realidad donde debemos buscar f\u00f3rmulas para erradicarla y combatirla y creemos que la educaci\u00f3n es fundamental para eso. Necesitamos ense\u00f1arles a las y los ni\u00f1os que la violencia nunca debe estar y ah\u00ed los estudiantes son fundamentales. Agradezco de coraz\u00f3n al Gobierno Regional por apoyarlos en esta cruzada, sin duda es un aporte para nuestra poblaci\u00f3n, ciudad y provincia\u201d.<\/strong><\/p>\n<p>En tanto, la Gobernadora Regional, Krist Naranjo, enfatiz\u00f3 en la urgente necesidad de erradicar las conductas patriarcales. <strong>\u201cMuchas veces se normaliza el maltrato en todos sus niveles por un tema cultural mal entendido. Eso debe cambiar sin duda, pero pese a los esfuerzos existentes, a\u00fan falta mucho por lograrlo. Entonces, que se reflexione profundamente sobre esta problem\u00e1tica desde la educaci\u00f3n y que sea la propia comunidad &#8211; como esta junta de vecinos &#8211; la que tome acciones en este sentido, es relevante y siembra esperanzas. Por eso apoyamos y felicitamos\u201d<\/strong>, dijo la m\u00e1xima autoridad regional.<\/p>\n<p>Finalmente, la seremi de la Mujer y la Equidad de G\u00e9nero, Iv\u00f3n Guerra valor\u00f3 esta instancia, <strong>\u201cme parece excelente que las organizaciones sociales y civiles se interesan en esta tem\u00e1tica porque la prevenci\u00f3n de la violencia no es solo de un Ministerio o Gobierno es responsabilidad de todos y todas. Feliz por esta Junta de Vecinos y por el compromiso del Gobierno Regional. Como Ministerio siempre vamos a estar dispuestas a apoyarlas y participar en este tipo de instancias\u201d<\/strong><\/p>\n<p>Si eres v\u00edctima o testigo de violencia contra la mujer puedes denunciar en las polic\u00edas o bien asesorarte llamando al Fono Orientaci\u00f3n 1455 del Ministerio de la Mujer.<\/p>\n<p>&nbsp;<\/p>\n<p>Escucha los spots aqu\u00ed:<\/p>\n<div class=\"wp-playlist wp-audio-playlist wp-playlist-light\">\n\t\t\t<div class=\"wp-playlist-current-item\"><\/div>\n\t\t<audio controls=\"controls\" preload=\"none\" width=\"598\"\n\t\t\t><\/audio>\n\t<div class=\"wp-playlist-next\"><\/div>\n\t<div class=\"wp-playlist-prev\"><\/div>\n\t<noscript>\n\t<ol>\n\t\t<li><a href='https:\/\/www.radiolimari.cl\/wp-content\/uploads\/2022\/01\/SERNAMEG-1-.mp3'>spot1<\/a><\/li><li><a href='https:\/\/www.radiolimari.cl\/wp-content\/uploads\/2022\/01\/SERNAMEG-3.mp3'>spot2<\/a><\/li><li><a href='https:\/\/www.radiolimari.cl\/wp-content\/uploads\/2022\/01\/SERNAMEG-2-.mp3'>spot3<\/a><\/li>\t<\/ol>\n\t<\/noscript>\n\t<script type=\"application\/json\" class=\"wp-playlist-script\">{\"type\":\"audio\",\"tracklist\":true,\"tracknumbers\":true,\"images\":true,\"artists\":true,\"tracks\":[{\"src\":\"https:\/\/www.radiolimari.cl\/wp-content\/uploads\/2022\/01\/SERNAMEG-1-.mp3\",\"type\":\"audio\/mpeg\",\"title\":\"spot1\",\"caption\":\"\",\"description\":\"\\\"SERNAMEG 1\\\". G\\u00e9nero: Other.\",\"meta\":{\"genre\":\"Other\",\"length_formatted\":\"0:31\"},\"image\":{\"src\":\"https:\/\/www.radiolimari.cl\/wp-includes\/images\/media\/audio.svg\",\"width\":48,\"height\":64},\"thumb\":{\"src\":\"https:\/\/www.radiolimari.cl\/wp-includes\/images\/media\/audio.svg\",\"width\":48,\"height\":64}},{\"src\":\"https:\/\/www.radiolimari.cl\/wp-content\/uploads\/2022\/01\/SERNAMEG-3.mp3\",\"type\":\"audio\/mpeg\",\"title\":\"spot2\",\"caption\":\"\",\"description\":\"\\\"SERNAMEG 3\\\". G\\u00e9nero: Other.\",\"meta\":{\"genre\":\"Other\",\"length_formatted\":\"0:24\"},\"image\":{\"src\":\"https:\/\/www.radiolimari.cl\/wp-includes\/images\/media\/audio.svg\",\"width\":48,\"height\":64},\"thumb\":{\"src\":\"https:\/\/www.radiolimari.cl\/wp-includes\/images\/media\/audio.svg\",\"width\":48,\"height\":64}},{\"src\":\"https:\/\/www.radiolimari.cl\/wp-content\/uploads\/2022\/01\/SERNAMEG-2-.mp3\",\"type\":\"audio\/mpeg\",\"title\":\"spot3\",\"caption\":\"\",\"description\":\"\\\"SERNAMEG 2\\\". G\\u00e9nero: Other.\",\"meta\":{\"genre\":\"Other\",\"length_formatted\":\"0:19\"},\"image\":{\"src\":\"https:\/\/www.radiolimari.cl\/wp-includes\/images\/media\/audio.svg\",\"width\":48,\"height\":64},\"thumb\":{\"src\":\"https:\/\/www.radiolimari.cl\/wp-includes\/images\/media\/audio.svg\",\"width\":48,\"height\":64}}]}<\/script>\n<\/div>\n\t\n","protected":false},"excerpt":{"rendered":"<p>Lo lidera la Junta de Vecinos Mirador de Limar\u00ed gracias a un fondo del Gobierno Regional. A trav\u00e9s de capsulas radiales se busca concientizar y educar a la poblaci\u00f3n en la tem\u00e1tica \u201cAvanzando en Erradicaci\u00f3n de la Violencia Contra la Mujer\u201d, as\u00ed se denomina el proyecto que obtuvo y est\u00e1 ejecutando actualmente la Junta de &#8230;<\/p>\n","protected":false},"author":2,"featured_media":6594,"comment_status":"open","ping_status":"open","sticky":false,"template":"","format":"standard","meta":{"footnotes":""},"categories":[3,5,6],"tags":[],"class_list":["post-6589","post","type-post","status-publish","format-standard","has-post-thumbnail","hentry","category-actualidad","category-actualidad-limarina","category-regionales"],"_links":{"self":[{"href":"https:\/\/www.radiolimari.cl\/index.php?rest_route=\/wp\/v2\/posts\/6589","targetHints":{"allow":["GET"]}}],"collection":[{"href":"https:\/\/www.radiolimari.cl\/index.php?rest_route=\/wp\/v2\/posts"}],"about":[{"href":"https:\/\/www.radiolimari.cl\/index.php?rest_route=\/wp\/v2\/types\/post"}],"author":[{"embeddable":true,"href":"https:\/\/www.radiolimari.cl\/index.php?rest_route=\/wp\/v2\/users\/2"}],"replies":[{"embeddable":true,"href":"https:\/\/www.radiolimari.cl\/index.php?rest_route=%2Fwp%2Fv2%2Fcomments&post=6589"}],"version-history":[{"count":1,"href":"https:\/\/www.radiolimari.cl\/index.php?rest_route=\/wp\/v2\/posts\/6589\/revisions"}],"predecessor-version":[{"id":6593,"href":"https:\/\/www.radiolimari.cl\/index.php?rest_route=\/wp\/v2\/posts\/6589\/revisions\/6593"}],"wp:featuredmedia":[{"embeddable":true,"href":"https:\/\/www.radiolimari.cl\/index.php?rest_route=\/wp\/v2\/media\/6594"}],"wp:attachment":[{"href":"https:\/\/www.radiolimari.cl\/index.php?rest_route=%2Fwp%2Fv2%2Fmedia&parent=6589"}],"wp:term":[{"taxonomy":"category","embeddable":true,"href":"https:\/\/www.radiolimari.cl\/index.php?rest_route=%2Fwp%2Fv2%2Fcategories&post=6589"},{"taxonomy":"post_tag","embeddable":true,"href":"https:\/\/www.radiolimari.cl\/index.php?rest_route=%2Fwp%2Fv2%2Ftags&post=6589"}],"curies":[{"name":"wp","href":"https:\/\/api.w.org\/{rel}","templated":true}]}}