{"id":6586,"date":"2022-01-13T19:47:57","date_gmt":"2022-01-13T19:47:57","guid":{"rendered":"http:\/\/www.radiolimari.cl\/?p=6586"},"modified":"2022-01-13T19:47:57","modified_gmt":"2022-01-13T19:47:57","slug":"en-ovalle-14-participantes-se-reconvierten-como-soldadores-gracias-a-sence","status":"publish","type":"post","link":"https:\/\/www.radiolimari.cl\/?p=6586","title":{"rendered":"En Ovalle, 14 participantes se reconvierten como soldadores gracias a Sence"},"content":{"rendered":"<p><a href=\"https:\/\/www.radiolimari.cl\/wp-content\/uploads\/2022\/01\/13.1-ovalle-soldadores-1.jpg\"><img fetchpriority=\"high\" decoding=\"async\" class=\"alignnone size-medium wp-image-6587\" src=\"https:\/\/www.radiolimari.cl\/wp-content\/uploads\/2022\/01\/13.1-ovalle-soldadores-1-300x200.jpg\" alt=\"13.1 ovalle soldadores 1\" width=\"300\" height=\"200\" srcset=\"https:\/\/www.radiolimari.cl\/wp-content\/uploads\/2022\/01\/13.1-ovalle-soldadores-1-300x200.jpg 300w, https:\/\/www.radiolimari.cl\/wp-content\/uploads\/2022\/01\/13.1-ovalle-soldadores-1-1024x682.jpg 1024w\" sizes=\"(max-width: 300px) 100vw, 300px\" \/><\/a><\/p>\n<p><em>Los\/as participantes se encontraban cesantes al momento de tomar esta capacitaci\u00f3n con miras a obtener nuevas herramientas y as\u00ed tener nuevas expectativas laborales<\/em><!--more--><\/p>\n<p>Con la incertidumbre que genera estar desempleado y no tener las suficientes herramientas o habilidades para cambiar de rubro y as\u00ed ampliar los horizontes laborales, un grupo de 14 vecinos\/as de la ciudad de Ovalle, decidieron capacitarse como soldadores.<\/p>\n<p>Esto fue posible gracias al programa de becas Fondo de Cesant\u00eda Solidario que impulsa el Servicio Nacional de Capacitaci\u00f3n y Empleo, Sence, dirigido a personas que han perdido su fuente laboral y se encuentran recibiendo su seguro de cesant\u00eda con cargo al fondo solidario.<\/p>\n<p>Patricia Urbano, una de las participantes y quien tambi\u00e9n obtuvo su calificaci\u00f3n en Soldadura, coment\u00f3 que \u201cme capacit\u00e9 m\u00e1s, ahora puedo tener un mejor empleo, ahora estoy haciendo algo que me gusta (\u2026) yo le agradezco mucho al Sence porque hay mucha gente que quiere salir adelante y superarse, pero tienen que tener dinero para hacerlo, y por medio de esto lo hemos hecho sin necesidad de dinero, nos han colaborado en todo, as\u00ed que muchas gracias\u201d.<\/p>\n<p>Tras capacitarse m\u00e1s de 150 horas de forma presencial, los\/as participantes aspiraron a recibir sus respectivos diplomas y actas de formaci\u00f3n de la misma forma, culminando con una breve ceremonia estos casi tres meses de formaci\u00f3n, lo que fue destacado por el Sence, ya que desde hace m\u00e1s de un a\u00f1o que no se realizaba alguna actividad de este tipo producto de las medidas sanitarias.<\/p>\n<p>\u201cCreemos que las certificaciones de cursos presenciales deben hacerse presenciales, la conexi\u00f3n que se realiza entre los alumnos, en general, se debe fortalecer hasta el final, a parte que es una celebraci\u00f3n para ellos. En este caso, este curso de Soldadura, de estos 14 alumnos\/as todos est\u00e1n bastante contentos y hablan de que han tenido oportunidades laborales concretas, lo cual nos pone bastante orgullosos\u201d, destac\u00f3 el director regional (s) de Sence, Eduardo Toro.<\/p>\n<p>Cabe destacar que tras esta capacitaci\u00f3n, los\/as nuevos\/as soldadores\/as est\u00e1n preparados para realizar uniones de piezas de metal utilizando planchas, perfiles laminados, construcci\u00f3n en vulcometal, estanques entre otras; soldadura al arco y el procedimiento MIG; todo esto con una inversi\u00f3n que super\u00f3 los 13 millones de pesos.<\/p>\n","protected":false},"excerpt":{"rendered":"<p>Los\/as participantes se encontraban cesantes al momento de tomar esta capacitaci\u00f3n con miras a obtener nuevas herramientas y as\u00ed tener nuevas expectativas laborales<\/p>\n","protected":false},"author":2,"featured_media":6587,"comment_status":"open","ping_status":"open","sticky":false,"template":"","format":"standard","meta":{"footnotes":""},"categories":[5],"tags":[],"class_list":["post-6586","post","type-post","status-publish","format-standard","has-post-thumbnail","hentry","category-actualidad-limarina"],"_links":{"self":[{"href":"https:\/\/www.radiolimari.cl\/index.php?rest_route=\/wp\/v2\/posts\/6586","targetHints":{"allow":["GET"]}}],"collection":[{"href":"https:\/\/www.radiolimari.cl\/index.php?rest_route=\/wp\/v2\/posts"}],"about":[{"href":"https:\/\/www.radiolimari.cl\/index.php?rest_route=\/wp\/v2\/types\/post"}],"author":[{"embeddable":true,"href":"https:\/\/www.radiolimari.cl\/index.php?rest_route=\/wp\/v2\/users\/2"}],"replies":[{"embeddable":true,"href":"https:\/\/www.radiolimari.cl\/index.php?rest_route=%2Fwp%2Fv2%2Fcomments&post=6586"}],"version-history":[{"count":1,"href":"https:\/\/www.radiolimari.cl\/index.php?rest_route=\/wp\/v2\/posts\/6586\/revisions"}],"predecessor-version":[{"id":6588,"href":"https:\/\/www.radiolimari.cl\/index.php?rest_route=\/wp\/v2\/posts\/6586\/revisions\/6588"}],"wp:featuredmedia":[{"embeddable":true,"href":"https:\/\/www.radiolimari.cl\/index.php?rest_route=\/wp\/v2\/media\/6587"}],"wp:attachment":[{"href":"https:\/\/www.radiolimari.cl\/index.php?rest_route=%2Fwp%2Fv2%2Fmedia&parent=6586"}],"wp:term":[{"taxonomy":"category","embeddable":true,"href":"https:\/\/www.radiolimari.cl\/index.php?rest_route=%2Fwp%2Fv2%2Fcategories&post=6586"},{"taxonomy":"post_tag","embeddable":true,"href":"https:\/\/www.radiolimari.cl\/index.php?rest_route=%2Fwp%2Fv2%2Ftags&post=6586"}],"curies":[{"name":"wp","href":"https:\/\/api.w.org\/{rel}","templated":true}]}}