{"id":6576,"date":"2022-01-11T16:32:25","date_gmt":"2022-01-11T16:32:25","guid":{"rendered":"http:\/\/www.radiolimari.cl\/?p=6576"},"modified":"2022-01-11T16:32:25","modified_gmt":"2022-01-11T16:32:25","slug":"llaman-a-recibir-cuarta-dosis-de-vacuna-contra-el-covid-19-en-la-provincia-de-limari","status":"publish","type":"post","link":"https:\/\/www.radiolimari.cl\/?p=6576","title":{"rendered":"Llaman a recibir cuarta dosis de vacuna contra el COVID-19 en la provincia de Limar\u00ed"},"content":{"rendered":"<p><a href=\"https:\/\/www.radiolimari.cl\/wp-content\/uploads\/2022\/01\/11.1-VACUNATORIO-MARCOS-MACUADA-4.jpeg\"><img fetchpriority=\"high\" decoding=\"async\" class=\"alignnone size-medium wp-image-6577\" src=\"https:\/\/www.radiolimari.cl\/wp-content\/uploads\/2022\/01\/11.1-VACUNATORIO-MARCOS-MACUADA-4-300x225.jpeg\" alt=\"11.1 VACUNATORIO MARCOS MACUADA (4)\" width=\"300\" height=\"225\" srcset=\"https:\/\/www.radiolimari.cl\/wp-content\/uploads\/2022\/01\/11.1-VACUNATORIO-MARCOS-MACUADA-4-300x225.jpeg 300w, https:\/\/www.radiolimari.cl\/wp-content\/uploads\/2022\/01\/11.1-VACUNATORIO-MARCOS-MACUADA-4-1024x768.jpeg 1024w, https:\/\/www.radiolimari.cl\/wp-content\/uploads\/2022\/01\/11.1-VACUNATORIO-MARCOS-MACUADA-4.jpeg 1600w\" sizes=\"(max-width: 300px) 100vw, 300px\" \/><\/a><\/p>\n<p><b style=\"color: #222222;\"><i>Autoridad provincial destaca importancia de la inoculaci\u00f3n ante las nuevas variantes del coronavirus.<\/i><\/b><!--more--><\/p>\n<p style=\"font-weight: 400;\">Llaman a recibir cuarta\u00a0dosis de vacuna contra el COVID-19 en la provincia de Limar\u00ed<\/p>\n<p style=\"font-weight: 400;\"><strong><em>Autoridad provincial destaca importancia de la inoculaci\u00f3n ante las nuevas variantes del coronavirus.<\/em><\/strong><\/p>\n<p style=\"font-weight: 400;\">Este lunes 10 de enero ha comenzado la vacunaci\u00f3n con una nueva dosis contra el coronavirus para personas inmunocomprometidas de 12 a\u00f1os o m\u00e1s y que recibieron su primera dosis de refuerzo hasta el 12 de septiembre pasado. Esta cuarta dosis estar\u00e1 disponible para todas las personas a medida que avance el calendario de vacunaci\u00f3n.<\/p>\n<p style=\"font-weight: 400;\">En nuestra provincia de Limar\u00ed, al igual que en todo el pa\u00eds, este proceso ya se desarrolla con normalidad en los vacunatorios de las cinco comunas del territorio a trav\u00e9s de la SEREMI de Salud y el apoyo de los municipios locales.<\/p>\n<p style=\"font-weight: 400;\">Al respecto, el delegado presidencial provincial de Limar\u00ed, Iv\u00e1n Espinoza indic\u00f3 que \u201cprimero se\u00f1alar que ante la amenaza latentente de la propagaci\u00f3n de la variante omicron creemos imperativo seguir con las medidas de autocuidado que todos conocemos. Adem\u00e1s, esperamos que los habitantes de nuestra provincia\u00a0 reciban la nueva dosis que busca fortalecer las defensas contra las distintas variantes del covid que se encuentran en circulaci\u00f3n actualmente. La vacuna que es\u00a0 segura y eficaz para continuar cuid\u00e1ndonos entre todos y tambi\u00e9n a no relajarnos porque la amenaza de la pandemia no se ha terminado\u201d.<\/p>\n<p style=\"font-weight: 400;\">En la provincia de Limar\u00ed son cerca de 110 mil las personas que ya han recibido su dosis de refuerzo y se espera que a medida que avance el calendario de vacunaci\u00f3n comiencen a recibir la cuarte dosis. A partir del 7 de febrero, el proceso se ampl\u00eda a poblaci\u00f3n general con personas de 55 a\u00f1os y m\u00e1s que hayan recibido su primera dosis de refuerzo hasta el 15 de agosto de 2021.<\/p>\n<p>A nivel nacional desde que inici\u00f3 la vacunaci\u00f3n contra el covid-19 en diciembre de 2020, a la fecha se han administrado m\u00e1s de 45 millones dosis de vacunas contra el Covid-19 en el pa\u00eds, instalando a Chile como uno de los pa\u00edses que mejor ha enfrentado la pandemia.<\/p>\n<p>&nbsp;<\/p>\n","protected":false},"excerpt":{"rendered":"<p>Autoridad provincial destaca importancia de la inoculaci\u00f3n ante las nuevas variantes del coronavirus.<\/p>\n","protected":false},"author":2,"featured_media":6577,"comment_status":"open","ping_status":"open","sticky":false,"template":"","format":"standard","meta":{"footnotes":""},"categories":[5],"tags":[],"class_list":["post-6576","post","type-post","status-publish","format-standard","has-post-thumbnail","hentry","category-actualidad-limarina"],"_links":{"self":[{"href":"https:\/\/www.radiolimari.cl\/index.php?rest_route=\/wp\/v2\/posts\/6576","targetHints":{"allow":["GET"]}}],"collection":[{"href":"https:\/\/www.radiolimari.cl\/index.php?rest_route=\/wp\/v2\/posts"}],"about":[{"href":"https:\/\/www.radiolimari.cl\/index.php?rest_route=\/wp\/v2\/types\/post"}],"author":[{"embeddable":true,"href":"https:\/\/www.radiolimari.cl\/index.php?rest_route=\/wp\/v2\/users\/2"}],"replies":[{"embeddable":true,"href":"https:\/\/www.radiolimari.cl\/index.php?rest_route=%2Fwp%2Fv2%2Fcomments&post=6576"}],"version-history":[{"count":1,"href":"https:\/\/www.radiolimari.cl\/index.php?rest_route=\/wp\/v2\/posts\/6576\/revisions"}],"predecessor-version":[{"id":6578,"href":"https:\/\/www.radiolimari.cl\/index.php?rest_route=\/wp\/v2\/posts\/6576\/revisions\/6578"}],"wp:featuredmedia":[{"embeddable":true,"href":"https:\/\/www.radiolimari.cl\/index.php?rest_route=\/wp\/v2\/media\/6577"}],"wp:attachment":[{"href":"https:\/\/www.radiolimari.cl\/index.php?rest_route=%2Fwp%2Fv2%2Fmedia&parent=6576"}],"wp:term":[{"taxonomy":"category","embeddable":true,"href":"https:\/\/www.radiolimari.cl\/index.php?rest_route=%2Fwp%2Fv2%2Fcategories&post=6576"},{"taxonomy":"post_tag","embeddable":true,"href":"https:\/\/www.radiolimari.cl\/index.php?rest_route=%2Fwp%2Fv2%2Ftags&post=6576"}],"curies":[{"name":"wp","href":"https:\/\/api.w.org\/{rel}","templated":true}]}}