{"id":6569,"date":"2022-01-10T16:52:40","date_gmt":"2022-01-10T16:52:40","guid":{"rendered":"http:\/\/www.radiolimari.cl\/?p=6569"},"modified":"2022-01-10T16:52:40","modified_gmt":"2022-01-10T16:52:40","slug":"monte-patria-cuenta-con-oficina-de-la-juventud","status":"publish","type":"post","link":"https:\/\/www.radiolimari.cl\/?p=6569","title":{"rendered":"Monte Patria cuenta con Oficina de la Juventud"},"content":{"rendered":"<p><a href=\"https:\/\/www.radiolimari.cl\/wp-content\/uploads\/2022\/01\/10.1-monte-patria.jpg\"><img fetchpriority=\"high\" decoding=\"async\" class=\"alignnone size-medium wp-image-6570\" src=\"https:\/\/www.radiolimari.cl\/wp-content\/uploads\/2022\/01\/10.1-monte-patria-300x225.jpg\" alt=\"10.1 monte patria\" width=\"300\" height=\"225\" srcset=\"https:\/\/www.radiolimari.cl\/wp-content\/uploads\/2022\/01\/10.1-monte-patria-300x225.jpg 300w, https:\/\/www.radiolimari.cl\/wp-content\/uploads\/2022\/01\/10.1-monte-patria-1024x770.jpg 1024w, https:\/\/www.radiolimari.cl\/wp-content\/uploads\/2022\/01\/10.1-monte-patria.jpg 1440w\" sizes=\"(max-width: 300px) 100vw, 300px\" \/><\/a><\/p>\n<p><strong><em>M\u00fasica, rap, break dance, autos tuning y feria de emprendedores fueron parte de la gran jornada de lanzamiento de la Oficina de la Juvetud<\/em><\/strong><!--more--><\/p>\n<p>En el de septiembre del a\u00f1o 2021, la administraci\u00f3n municipal de la comuna de Monte Patria defini\u00f3 implementar la Oficina de la Juventud, con el objetivo de dar a los j\u00f3venes los espacios necesarios para su desarrollo en distintas \u00e1reas. En este contexto es que el pasado fin de semana el centro cultural fue el epicentro del lanzamiento oficial de esta nueva oficina, la cual ya se encuentra trabajando con distintas agrupaciones juveniles de la comuna tanto emergentes como con trayectoria.<\/p>\n<p>El alcalde de la comuna, Cristian Herrera Pe\u00f1a, quien recorri\u00f3 la feria y comparti\u00f3 junto a los j\u00f3venes presentes en el evento, indic\u00f3 que \u201cnos hab\u00edamos comprometidos antes de asumir que dar\u00edamos espacios preponderantes para la juventud, con medidas concretas creando la Oficina de la Juventud, la cual permitir\u00e1 que los j\u00f3venes puedan juntarse, reunirse, capacitarse y tambi\u00e9n buscar financiamiento para sus distintas iniciativas. Hoy la estamos lanzando en este espacio donde hemos podido ver el talento de nuestros j\u00f3venes, desde diversas \u00e1reas\u201d.<\/p>\n<p>El evento estuvo marcado por la presentaci\u00f3n de j\u00f3venes artistas de la provincia del Limar\u00ed quienes amenizaron la jornada; adem\u00e1s cont\u00f3 con una Feria de Emprendedores J\u00f3venes y una entretenida Expo tuning. Quienes llegaron al lugar tambi\u00e9n contaron con Food Trucks, exposiciones, as\u00ed como actividades recreativas que les permitieron disfrutar de una tarde diferente.<\/p>\n<p>La encargada de la Oficina de la Juventud, Perla Guerra, se\u00f1alo que el trabajo comunitario es primordial para el desarrollo juvenil en la comuna, destacando que \u201clos ejes principales son la participaci\u00f3n, el involucramiento, el liderazgo de las personas j\u00f3venes en Monte Patria. Ya nos encontramos realizando distintas actividades en el territorio y actualmente esta atendiendo en las dependencias del Centro Cultural\u201d<\/p>\n<p>Distintos emprendimientos tambi\u00e9n se sumaron a esta jornada, donde pudieron mostrar y vender sus productos al p\u00fablico que vino a r3ecorrer la feria. Ayline Galleguillos fue una de las j\u00f3venes que tuvo la oportunidad de estar presente con su emprendimiento Sex Shop SalvajeCL; qui\u00e9n agradeci\u00f3 la oportunidad de poder participar, ya que \u201cme han puesto muchas trabas en otras ferias e incluso en los mall por ser art\u00edculos para adultos. Por primera vez estamos en una feria en Monte Patria y es maravilloso, la gente adulta tiende un poco a hacerle el quite, pero la gente joven no, todo se trata de experimentar de conocerse y lanzarse a la vida sexual de manera libre\u201d.<\/p>\n<p>Fueron muchos los artistas que desde distintos puntos de la comuna y la provincia llegaron a disfrutar y participar de la instancia, una de ellas fue Karen Campos (Flow K\/Santa Negra) quien dej\u00f3 su talento sobre el escenario, y en el marco del evento se\u00f1alo que \u201crealmente es hermoso que nos invitaran, nos importa mucho poder mostrar nuestra m\u00fasica. Era necesario esto porque hay mucho talento, pero no hay donde mostrarlo, con esto se puede ayudar a mostrar y a evolucionar\u201d.<\/p>\n<p>&nbsp;<\/p>\n","protected":false},"excerpt":{"rendered":"<p>M\u00fasica, rap, break dance, autos tuning y feria de emprendedores fueron parte de la gran jornada de lanzamiento de la Oficina de la Juvetud<\/p>\n","protected":false},"author":2,"featured_media":6570,"comment_status":"open","ping_status":"open","sticky":false,"template":"","format":"standard","meta":{"footnotes":""},"categories":[5],"tags":[],"class_list":["post-6569","post","type-post","status-publish","format-standard","has-post-thumbnail","hentry","category-actualidad-limarina"],"_links":{"self":[{"href":"https:\/\/www.radiolimari.cl\/index.php?rest_route=\/wp\/v2\/posts\/6569","targetHints":{"allow":["GET"]}}],"collection":[{"href":"https:\/\/www.radiolimari.cl\/index.php?rest_route=\/wp\/v2\/posts"}],"about":[{"href":"https:\/\/www.radiolimari.cl\/index.php?rest_route=\/wp\/v2\/types\/post"}],"author":[{"embeddable":true,"href":"https:\/\/www.radiolimari.cl\/index.php?rest_route=\/wp\/v2\/users\/2"}],"replies":[{"embeddable":true,"href":"https:\/\/www.radiolimari.cl\/index.php?rest_route=%2Fwp%2Fv2%2Fcomments&post=6569"}],"version-history":[{"count":1,"href":"https:\/\/www.radiolimari.cl\/index.php?rest_route=\/wp\/v2\/posts\/6569\/revisions"}],"predecessor-version":[{"id":6571,"href":"https:\/\/www.radiolimari.cl\/index.php?rest_route=\/wp\/v2\/posts\/6569\/revisions\/6571"}],"wp:featuredmedia":[{"embeddable":true,"href":"https:\/\/www.radiolimari.cl\/index.php?rest_route=\/wp\/v2\/media\/6570"}],"wp:attachment":[{"href":"https:\/\/www.radiolimari.cl\/index.php?rest_route=%2Fwp%2Fv2%2Fmedia&parent=6569"}],"wp:term":[{"taxonomy":"category","embeddable":true,"href":"https:\/\/www.radiolimari.cl\/index.php?rest_route=%2Fwp%2Fv2%2Fcategories&post=6569"},{"taxonomy":"post_tag","embeddable":true,"href":"https:\/\/www.radiolimari.cl\/index.php?rest_route=%2Fwp%2Fv2%2Ftags&post=6569"}],"curies":[{"name":"wp","href":"https:\/\/api.w.org\/{rel}","templated":true}]}}