{"id":6566,"date":"2022-01-07T15:02:38","date_gmt":"2022-01-07T15:02:38","guid":{"rendered":"http:\/\/www.radiolimari.cl\/?p=6566"},"modified":"2022-01-07T15:02:38","modified_gmt":"2022-01-07T15:02:38","slug":"para-cultivar-su-propia-huerta-en-el-hogar-1-600-parvulos-de-fundacion-integra-reciben-set","status":"publish","type":"post","link":"https:\/\/www.radiolimari.cl\/?p=6566","title":{"rendered":"Para cultivar su propia huerta en el hogar 1.600 p\u00e1rvulos de Fundaci\u00f3n Integra reciben set"},"content":{"rendered":"<p><a href=\"https:\/\/www.radiolimari.cl\/wp-content\/uploads\/2022\/01\/7.1-integra1.jpg\"><img fetchpriority=\"high\" decoding=\"async\" class=\"alignnone size-medium wp-image-6567\" src=\"https:\/\/www.radiolimari.cl\/wp-content\/uploads\/2022\/01\/7.1-integra1-300x168.jpg\" alt=\"7.1 integra1\" width=\"300\" height=\"168\" srcset=\"https:\/\/www.radiolimari.cl\/wp-content\/uploads\/2022\/01\/7.1-integra1-300x168.jpg 300w, https:\/\/www.radiolimari.cl\/wp-content\/uploads\/2022\/01\/7.1-integra1-1024x576.jpg 1024w, https:\/\/www.radiolimari.cl\/wp-content\/uploads\/2022\/01\/7.1-integra1.jpg 2000w\" sizes=\"(max-width: 300px) 100vw, 300px\" \/><\/a><\/p>\n<p>&nbsp;<\/p>\n<p>\u201cMi huerta, mi amiga\u201d se llama el proyecto de Fundaci\u00f3n Integra que considera la entrega de cajas con materiales para crear plantaciones a los ni\u00f1os y ni\u00f1as que fueron parte del plan educativo a distancia durante 2021.<\/p>\n<p><!--more--><\/p>\n<p style=\"font-weight: 400;\">Bandejas almacigueras, compost, semillas, tierra de hoja, una cartilla educativa y una bit\u00e1cora para registros contiene cada una de las 1.600 cajas que recibir\u00e1 la misma cantidad de ni\u00f1os y ni\u00f1as que durante 2021 fueron parte del plan educativo a distancia que se desarroll\u00f3 en los 63 jardines infantiles de Fundaci\u00f3n Integra en la regi\u00f3n.<\/p>\n<p style=\"font-weight: 400;\">Lo anterior, en el marco del proyecto \u201cMi huerta, mi amiga\u201d, que es parte de la iniciativa \u201cLa ruta de Lucy\u201d, que contempla diversas actividades pedag\u00f3gicas relativas a la obra de Gabriela Mistral y protagonizadas por la mu\u00f1eca Lucy, que se inspira en la infancia de la Premio Nobel de Literatura, cuando a\u00fan era conocida como Lucila Godoy.<\/p>\n<p style=\"font-weight: 400;\">Johanna Cort\u00e9s, jefa del Departamento Educativo de Integra, explic\u00f3 que \u201cel objetivo de este proyecto es que los ni\u00f1os y ni\u00f1as, junto a sus familias y en el hogar, puedan desarrollar una serie de experiencias en torno a la huerta. Y por qu\u00e9 la huerta, porque nos inspiramos en la figura de Lucy, que es un personaje regional, de La Ruta de Lucy, que hace alusi\u00f3n a la figura de Gabriela Mistral siendo ni\u00f1a. Entonces Lucy esta vez va hacia las familias con una cajita con una huerta y lo que se pretende es que los ni\u00f1os desarrollen experiencias vinculadas a las matem\u00e1ticas, al desarrollo de la autonom\u00eda o del lenguaje, pero en torno a la siembra\u201d, sostuvo.<\/p>\n<p style=\"font-weight: 400;\">Asimismo, Cort\u00e9s agreg\u00f3 que \u201cGabriela Mistral nos inspir\u00f3 para esta iniciativa porque ella era una huertera, le gustaba la huerta y especialmente la huerta elquina, que es diversa y variada, con frutas y hortalizas, pero tambi\u00e9n con hierbas medicinales. Sabemos tambi\u00e9n que Gabriela viajaba por el mundo con un poco de tierra del valle en sus bolsillos. El amor de Gabriela por la tierra, por el valle y por la huerta nos permite inspirarnos para invitar a que los ni\u00f1os desarrollen estas experiencias en el hogar\u201d, dijo.<\/p>\n<p style=\"font-weight: 400;\">\n<p style=\"font-weight: 400;\"><strong>Entrega en jardines infantiles<\/strong><\/p>\n<p style=\"font-weight: 400;\">Desde mediados de diciembre comenz\u00f3 la distribuci\u00f3n de estos materiales en los jardines infantiles de la regi\u00f3n. Por ejemplo en Canteritos del Sol, de Coquimbo, 24 familias ya est\u00e1n recibiendo los suyos en un contexto muy especial, pues el establecimiento desarrolla un proyecto educativo basado en la obra de la poetisa, quien vivi\u00f3 en el sector de La Cantera durante su juventud.<\/p>\n<p style=\"font-weight: 400;\">\u201cPara nosotros es un honor poder contar con estos materiales que tienen tanta coherencia con lo que venimos desarrollando con las familias, equipo y comunidad en el marco de nuestro proyecto educativo, entonces es muy significativo potenciar estas experiencias que tienen que ver con nuestra apreciada, querida y recordada Gabriela Mistral y adem\u00e1s con todo el contacto y el amor que ella sinti\u00f3 por la naturaleza. Es significativo, importante, relevante y potencia todo lo que ya hemos iniciado junto a los ni\u00f1os\u201d, explica Giselle Ortiz, educadora de Canteritos del Sol.<\/p>\n<p style=\"font-weight: 400;\">Ingrid Rojas, mam\u00e1 de Luciano Cariqueo y apoderada de Canteritos del Sol, sostuvo que \u201ces un proyecto muy acertado porque los ni\u00f1os aprenden haciendo cosas. Si Luciano planta su semilla, le echa tierrita, agua y ve el proceso de crecimiento, es mucho m\u00e1s valioso a que est\u00e9 pegado en la tele, por ejemplo. Entonces todo lo que ellos puedan hacer, crear, es lo mejor para aprender\u201d, remat\u00f3.<\/p>\n","protected":false},"excerpt":{"rendered":"<p>&nbsp; \u201cMi huerta, mi amiga\u201d se llama el proyecto de Fundaci\u00f3n Integra que considera la entrega de cajas con materiales para crear plantaciones a los ni\u00f1os y ni\u00f1as que fueron parte del plan educativo a distancia durante 2021.<\/p>\n","protected":false},"author":2,"featured_media":6567,"comment_status":"open","ping_status":"open","sticky":false,"template":"","format":"standard","meta":{"footnotes":""},"categories":[6],"tags":[],"class_list":["post-6566","post","type-post","status-publish","format-standard","has-post-thumbnail","hentry","category-regionales"],"_links":{"self":[{"href":"https:\/\/www.radiolimari.cl\/index.php?rest_route=\/wp\/v2\/posts\/6566","targetHints":{"allow":["GET"]}}],"collection":[{"href":"https:\/\/www.radiolimari.cl\/index.php?rest_route=\/wp\/v2\/posts"}],"about":[{"href":"https:\/\/www.radiolimari.cl\/index.php?rest_route=\/wp\/v2\/types\/post"}],"author":[{"embeddable":true,"href":"https:\/\/www.radiolimari.cl\/index.php?rest_route=\/wp\/v2\/users\/2"}],"replies":[{"embeddable":true,"href":"https:\/\/www.radiolimari.cl\/index.php?rest_route=%2Fwp%2Fv2%2Fcomments&post=6566"}],"version-history":[{"count":1,"href":"https:\/\/www.radiolimari.cl\/index.php?rest_route=\/wp\/v2\/posts\/6566\/revisions"}],"predecessor-version":[{"id":6568,"href":"https:\/\/www.radiolimari.cl\/index.php?rest_route=\/wp\/v2\/posts\/6566\/revisions\/6568"}],"wp:featuredmedia":[{"embeddable":true,"href":"https:\/\/www.radiolimari.cl\/index.php?rest_route=\/wp\/v2\/media\/6567"}],"wp:attachment":[{"href":"https:\/\/www.radiolimari.cl\/index.php?rest_route=%2Fwp%2Fv2%2Fmedia&parent=6566"}],"wp:term":[{"taxonomy":"category","embeddable":true,"href":"https:\/\/www.radiolimari.cl\/index.php?rest_route=%2Fwp%2Fv2%2Fcategories&post=6566"},{"taxonomy":"post_tag","embeddable":true,"href":"https:\/\/www.radiolimari.cl\/index.php?rest_route=%2Fwp%2Fv2%2Ftags&post=6566"}],"curies":[{"name":"wp","href":"https:\/\/api.w.org\/{rel}","templated":true}]}}