{"id":6554,"date":"2022-01-05T12:24:56","date_gmt":"2022-01-05T12:24:56","guid":{"rendered":"http:\/\/www.radiolimari.cl\/?p=6554"},"modified":"2022-01-05T12:24:56","modified_gmt":"2022-01-05T12:24:56","slug":"la-fiesta-grande-del-nino-dios-de-sotaqui-se-realiza-este-domingo","status":"publish","type":"post","link":"https:\/\/www.radiolimari.cl\/?p=6554","title":{"rendered":"La Fiesta Grande  del Ni\u00f1o Dios de Sotaqu\u00ed se realiza este domingo"},"content":{"rendered":"<p><a href=\"https:\/\/www.radiolimari.cl\/wp-content\/uploads\/2022\/01\/Ni\u00f1o-Dios-de-sotaqui.jpg\"><img fetchpriority=\"high\" decoding=\"async\" class=\"alignnone size-medium wp-image-6555\" src=\"https:\/\/www.radiolimari.cl\/wp-content\/uploads\/2022\/01\/Ni\u00f1o-Dios-de-sotaqui-300x200.jpg\" alt=\"Ni\u00f1o Dios de sotaqui\" width=\"300\" height=\"200\" srcset=\"https:\/\/www.radiolimari.cl\/wp-content\/uploads\/2022\/01\/Ni\u00f1o-Dios-de-sotaqui-300x200.jpg 300w, https:\/\/www.radiolimari.cl\/wp-content\/uploads\/2022\/01\/Ni\u00f1o-Dios-de-sotaqui-1024x682.jpg 1024w\" sizes=\"(max-width: 300px) 100vw, 300px\" \/><\/a><\/p>\n<p><strong>Con aforos reducidos y medidas sanitarias, peregrinos y devotos se encomendar\u00e1n al Ni\u00f1o Dios en una celebraci\u00f3n que ser\u00e1 netamente religiosa<\/strong><!--more--><\/p>\n<p>La festividad religiosa m\u00e1s importante de la provincia de Limar\u00ed vuelve a la presencialidad. Y es que tras los avances en la vacunaci\u00f3n,<strong> el Santuario El Ni\u00f1o Dios de Sotaqu\u00ed abrir\u00e1 sus puertas<\/strong> para acoger una nueva edici\u00f3n de la tradicional Fiesta Grande, que en esta oportunidad se efectuar\u00e1 de forma 100% religiosa, sin comercio ni elementos externos al culto lit\u00fargico.<\/p>\n<p>\u201cLe damos gracias a Dios porque nos permmitir\u00e1, a pesar de la pandemia, tener esta fiesta, no como es de costumbre, pero si tomando los resguardos necesarios con el cuidado personal\u201d, explic\u00f3 el P. Jos\u00e9 Antonio L\u00f3pez, Rector del Santuario.<\/p>\n<p>Adem\u00e1s, agreg\u00f3 que \u201cvamos a tener una fiesta sin comercio, porque por lo general convoca a muchas personas. Por tanto, <strong>ser\u00e1 una celebraci\u00f3n dedicada al Ni\u00f1o Dios meramente religiosa<\/strong>, donde los peregrinos sin obst\u00e1culos van a poder realizar sus mandas, oraciones y peticiones al Se\u00f1or.<\/p>\n<p>La Novena inici\u00f3 el s\u00e1bado 1 de enero y se extender\u00e1 hasta el viernes 7, para vivir la jornada de v\u00edspera el s\u00e1bado 8 y <strong>el domingo 9 el d\u00eda principal de Fiesta<\/strong>, la que contar\u00e1 con la presencia del Arzobispo Ren\u00e9 Rebolledo Salinas, quien presidir\u00e1 la Eucarist\u00eda Solemne a las 16:00 horas, para posteriormente realizar un recorrido simb\u00f3lico por las calles del pueblo junto a las sagradas im\u00e1genes y los Bailes Religiosos de la Zonal Limar\u00ed.<\/p>\n<p>El sacerdote a cargo del Santuario Limarino, invit\u00f3 a que los peregrinos \u201cpuedan acercarse sin temor, tomando los respectivos resguardos. Esperamos una menor afluencia de personas, lo que permitir\u00e1 mantener el distanciamiento social. Considero que ser\u00e1 una jornada especial para los devotos y peregrinos\u201d.<\/p>\n<p>&nbsp;<\/p>\n<p><strong>PROGRAMACI\u00d3N <\/strong><strong>FIESTA GRANDE<\/strong><\/p>\n<p><strong>SANTUARIO EL NI\u00d1O DIOS DE SOTAQU\u00cd\u00a0<\/strong><\/p>\n<p><strong>Lema:\u00a0\u00a0\u00a0\u00a0\u00a0\u00a0\u00a0\u00a0 \u201cJos\u00e9 tom\u00f3 consigo al ni\u00f1o, a su Madre y partieron\u201d<\/strong><\/p>\n<p><strong>HASTA EL<\/strong><strong> VIERNES 0<\/strong><strong>7<\/strong><strong> DE ENERO<\/strong><\/p>\n<p><strong>19:<\/strong><strong>3<\/strong><strong>0 horas<\/strong>\u00a0\u00a0\u00a0\u00a0\u00a0\u00a0\u00a0\u00a0 \u00a0\u00a0\u00a0\u00a0\u00a0\u00a0\u00a0\u00a0 \u00a0\u00a0\u00a0\u00a0\u00a0\u00a0\u00a0\u00a0 \u00a0\u00a0\u00a0\u00a0\u00a0\u00a0\u00a0\u00a0 Adoraci\u00f3n al Sant\u00edsimo y Novena<\/p>\n<p><strong>20:00 horas\u00a0\u00a0\u00a0\u00a0\u00a0\u00a0\u00a0\u00a0 \u00a0\u00a0\u00a0\u00a0\u00a0\u00a0\u00a0\u00a0 \u00a0\u00a0\u00a0\u00a0\u00a0\u00a0\u00a0\u00a0 \u00a0\u00a0\u00a0\u00a0\u00a0\u00a0\u00a0\u00a0 <\/strong>Santa Misa<\/p>\n<p>&nbsp;<\/p>\n<p><strong>S\u00c1BADO <\/strong><strong>08<\/strong><strong> DE ENERO<\/strong><\/p>\n<p><strong>\u00a0<\/strong><strong>06:30 horas \u00a0\u00a0\u00a0\u00a0\u00a0\u00a0\u00a0 \u00a0\u00a0\u00a0\u00a0\u00a0\u00a0\u00a0\u00a0 \u00a0\u00a0\u00a0\u00a0\u00a0\u00a0\u00a0\u00a0 <\/strong><strong>\u00a0\u00a0\u00a0\u00a0\u00a0\u00a0\u00a0\u00a0 <\/strong>Rosario del Alba<\/p>\n<p><strong>\u00a0<\/strong><strong>1<\/strong><strong>0, 12, 18 y 20 horas\u00a0\u00a0\u00a0 \u00a0\u00a0\u00a0\u00a0\u00a0\u00a0\u00a0\u00a0 <\/strong><strong>\u00a0\u00a0\u00a0\u00a0\u00a0\u00a0\u00a0\u00a0 <\/strong>Misas<strong>\u00a0<\/strong><\/p>\n<p><strong>2<\/strong><strong>1:00 horas \u00a0\u00a0\u00a0\u00a0\u00a0\u00a0\u00a0 \u00a0\u00a0\u00a0\u00a0\u00a0\u00a0\u00a0\u00a0 <\/strong>\u00a0\u00a0\u00a0\u00a0\u00a0\u00a0\u00a0\u00a0 \u00a0\u00a0\u00a0\u00a0\u00a0\u00a0\u00a0\u00a0 Traslado de im\u00e1genes al sector Los Paltos<strong>\u00a0<\/strong><\/p>\n<p><strong>22:00 horas \u00a0\u00a0\u00a0\u00a0\u00a0\u00a0\u00a0 <\/strong>\u00a0\u00a0\u00a0\u00a0\u00a0\u00a0\u00a0\u00a0 \u00a0\u00a0\u00a0\u00a0\u00a0\u00a0\u00a0\u00a0 \u00a0\u00a0\u00a0\u00a0\u00a0\u00a0\u00a0\u00a0 Misa y Vigilia<\/p>\n<p><strong>DOMINGO <\/strong><strong>9<\/strong><strong> DE ENERO<\/strong><\/p>\n<p><strong>07, 08 y 09 horas\u00a0\u00a0\u00a0\u00a0\u00a0\u00a0\u00a0\u00a0 \u00a0\u00a0\u00a0\u00a0\u00a0\u00a0\u00a0\u00a0 <\/strong><strong>\u00a0\u00a0\u00a0\u00a0\u00a0\u00a0\u00a0\u00a0 <\/strong>Misas<\/p>\n<p><strong>10:00 horas<\/strong>\u00a0\u00a0\u00a0\u00a0\u00a0\u00a0\u00a0\u00a0\u00a0\u00a0\u00a0\u00a0\u00a0\u00a0\u00a0\u00a0\u00a0\u00a0\u00a0\u00a0\u00a0\u00a0\u00a0\u00a0\u00a0\u00a0\u00a0 \u00a0\u00a0\u00a0\u00a0\u00a0\u00a0\u00a0\u00a0 Traslado imagen de El Ni\u00f1o Dios al sector\u00a0 de Los Paltos<\/p>\n<p><strong>1<\/strong><strong>1<\/strong><strong>, 1<\/strong><strong>4<\/strong><strong> y 1<\/strong><strong>5<\/strong><strong> horas\u00a0\u00a0\u00a0\u00a0\u00a0\u00a0\u00a0\u00a0 \u00a0\u00a0\u00a0\u00a0\u00a0\u00a0\u00a0\u00a0 <\/strong><strong>\u00a0\u00a0\u00a0\u00a0\u00a0\u00a0\u00a0\u00a0 <\/strong>Misas<\/p>\n<p><strong>1<\/strong><strong>6<\/strong><strong>:00 horas\u00a0\u00a0\u00a0\u00a0\u00a0\u00a0\u00a0\u00a0 \u00a0\u00a0\u00a0\u00a0\u00a0\u00a0\u00a0\u00a0 \u00a0\u00a0\u00a0\u00a0\u00a0\u00a0\u00a0\u00a0 \u00a0\u00a0\u00a0\u00a0\u00a0\u00a0\u00a0\u00a0 <\/strong>Eucarist\u00eda Solemne<\/p>\n<p><strong>17:00 horas<\/strong>\u00a0\u00a0\u00a0\u00a0\u00a0\u00a0\u00a0\u00a0 \u00a0\u00a0\u00a0\u00a0\u00a0\u00a0\u00a0 \u00a0\u00a0\u00a0\u00a0\u00a0\u00a0\u00a0\u00a0 \u00a0\u00a0\u00a0\u00a0\u00a0\u00a0\u00a0\u00a0 Traslado de im\u00e1genes<\/p>\n<p><strong>20\u00a0<\/strong><strong>y 21 horas\u00a0\u00a0\u00a0\u00a0\u00a0 \u00a0\u00a0\u00a0\u00a0\u00a0\u00a0\u00a0\u00a0 \u00a0\u00a0\u00a0\u00a0\u00a0\u00a0\u00a0\u00a0 <\/strong><strong>\u00a0\u00a0\u00a0\u00a0\u00a0\u00a0\u00a0\u00a0 <\/strong>Misas<\/p>\n<p><strong>LUNES 1<\/strong><strong>0<\/strong><strong> DE ENERO<\/strong><\/p>\n<p><strong>\u00a0<\/strong><strong>10:00 horas\u00a0\u00a0\u00a0\u00a0\u00a0\u00a0\u00a0\u00a0 \u00a0\u00a0\u00a0\u00a0\u00a0\u00a0\u00a0\u00a0 \u00a0\u00a0\u00a0\u00a0\u00a0\u00a0\u00a0\u00a0 \u00a0\u00a0\u00a0\u00a0\u00a0\u00a0\u00a0\u00a0 <\/strong>Rezo a la coronilla del Ni\u00f1o Dios de Sotaqu\u00ed<\/p>\n<p><strong>\u00a0<\/strong><strong>12<\/strong><strong>:0<\/strong><strong>0 horas\u00a0\u00a0\u00a0\u00a0\u00a0\u00a0\u00a0\u00a0 \u00a0\u00a0\u00a0\u00a0\u00a0\u00a0\u00a0\u00a0 \u00a0\u00a0\u00a0\u00a0\u00a0\u00a0\u00a0\u00a0 <\/strong><strong>\u00a0\u00a0\u00a0\u00a0\u00a0\u00a0\u00a0\u00a0 <\/strong>Santo Rosario meditado<\/p>\n<p><strong>16:00 horas<\/strong>\u00a0\u00a0\u00a0\u00a0\u00a0\u00a0\u00a0\u00a0 \u00a0\u00a0\u00a0\u00a0\u00a0\u00a0\u00a0\u00a0 \u00a0\u00a0\u00a0\u00a0\u00a0\u00a0\u00a0\u00a0 \u00a0\u00a0\u00a0\u00a0\u00a0\u00a0\u00a0\u00a0 Coronilla del Ni\u00f1o Dios de Sotaqu\u00ed<\/p>\n<p><strong>2<\/strong><strong>0<\/strong><strong>:00 horas\u00a0 \u00a0 \u00a0 \u00a0 \u00a0 \u00a0 \u00a0 \u00a0 \u00a0 \u00a0 \u00a0 \u00a0 \u00a0 \u00a0 \u00a0 \u00a0 \u00a0\u00a0<\/strong>Misa y Subida de la Imagen<\/p>\n","protected":false},"excerpt":{"rendered":"<p>Con aforos reducidos y medidas sanitarias, peregrinos y devotos se encomendar\u00e1n al Ni\u00f1o Dios en una celebraci\u00f3n que ser\u00e1 netamente religiosa<\/p>\n","protected":false},"author":2,"featured_media":6555,"comment_status":"open","ping_status":"open","sticky":false,"template":"","format":"standard","meta":{"footnotes":""},"categories":[5],"tags":[],"class_list":["post-6554","post","type-post","status-publish","format-standard","has-post-thumbnail","hentry","category-actualidad-limarina"],"_links":{"self":[{"href":"https:\/\/www.radiolimari.cl\/index.php?rest_route=\/wp\/v2\/posts\/6554","targetHints":{"allow":["GET"]}}],"collection":[{"href":"https:\/\/www.radiolimari.cl\/index.php?rest_route=\/wp\/v2\/posts"}],"about":[{"href":"https:\/\/www.radiolimari.cl\/index.php?rest_route=\/wp\/v2\/types\/post"}],"author":[{"embeddable":true,"href":"https:\/\/www.radiolimari.cl\/index.php?rest_route=\/wp\/v2\/users\/2"}],"replies":[{"embeddable":true,"href":"https:\/\/www.radiolimari.cl\/index.php?rest_route=%2Fwp%2Fv2%2Fcomments&post=6554"}],"version-history":[{"count":1,"href":"https:\/\/www.radiolimari.cl\/index.php?rest_route=\/wp\/v2\/posts\/6554\/revisions"}],"predecessor-version":[{"id":6556,"href":"https:\/\/www.radiolimari.cl\/index.php?rest_route=\/wp\/v2\/posts\/6554\/revisions\/6556"}],"wp:featuredmedia":[{"embeddable":true,"href":"https:\/\/www.radiolimari.cl\/index.php?rest_route=\/wp\/v2\/media\/6555"}],"wp:attachment":[{"href":"https:\/\/www.radiolimari.cl\/index.php?rest_route=%2Fwp%2Fv2%2Fmedia&parent=6554"}],"wp:term":[{"taxonomy":"category","embeddable":true,"href":"https:\/\/www.radiolimari.cl\/index.php?rest_route=%2Fwp%2Fv2%2Fcategories&post=6554"},{"taxonomy":"post_tag","embeddable":true,"href":"https:\/\/www.radiolimari.cl\/index.php?rest_route=%2Fwp%2Fv2%2Ftags&post=6554"}],"curies":[{"name":"wp","href":"https:\/\/api.w.org\/{rel}","templated":true}]}}